{"id":12101,"date":"2025-10-14T02:30:17","date_gmt":"2025-10-14T02:30:17","guid":{"rendered":"https:\/\/alandsacrylic.com\/?p=12101"},"modified":"2025-10-14T02:35:03","modified_gmt":"2025-10-14T02:35:03","slug":"fabricant-amp-exportateur-a-la-138eme-foire-du-canton","status":"publish","type":"post","link":"https:\/\/alandsacrylic.com\/fr\/nouvelles\/fabricant-amp-exportateur-a-la-138eme-foire-du-canton\/","title":{"rendered":"Fabricant et exportateur \u00e0 la 138e foire de Canton"},"content":{"rendered":"<div data-elementor-type=\"wp-post\" data-elementor-id=\"12101\" class=\"elementor elementor-12101\" data-elementor-post-type=\"post\">\n\t\t\t\t<div class=\"elementor-element elementor-element-573212fa e-flex e-con-boxed e-con e-parent\" data-id=\"573212fa\" data-element_type=\"container\" data-e-type=\"container\">\n\t\t\t\t\t<div class=\"e-con-inner\">\n\t\t\t\t<div class=\"elementor-element elementor-element-4e82b01 elementor-widget elementor-widget-heading\" data-id=\"4e82b01\" data-element_type=\"widget\" data-e-type=\"widget\" data-widget_type=\"heading.default\">\n\t\t\t\t<div class=\"elementor-widget-container\">\n\t\t\t\t\t<h2 class=\"elementor-heading-title elementor-size-default\">Ajoutez votre texte d'en-t\u00eate ici<\/h2>\t\t\t\t<\/div>\n\t\t\t\t<\/div>\n\t\t\t\t\t<\/div>\n\t\t\t\t<\/div>\n\t\t<div class=\"elementor-element elementor-element-3d676db1 e-flex e-con-boxed e-con e-parent\" data-id=\"3d676db1\" data-element_type=\"container\" data-e-type=\"container\">\n\t\t\t\t\t<div class=\"e-con-inner\">\n\t\t\t\t<div class=\"elementor-element elementor-element-200c69b3 elementor-widget elementor-widget-text-editor\" data-id=\"200c69b3\" data-element_type=\"widget\" data-e-type=\"widget\" data-widget_type=\"text-editor.default\">\n\t\t\t\t<div class=\"elementor-widget-container\">\n\t\t\t\t\t\t\t\t\t<p data-start=\"255\" data-end=\"633\"><img fetchpriority=\"high\" decoding=\"async\" class=\"size-full wp-image-12105 aligncenter\" src=\"https:\/\/alandsacrylic.com\/wp-content\/uploads\/2025\/10\/Manufacturer-Exporter-at-the-138th-Canton-Fair.webp\" alt=\"\" width=\"1080\" height=\"1920\" srcset=\"https:\/\/alandsacrylic.com\/wp-content\/uploads\/2025\/10\/Manufacturer-Exporter-at-the-138th-Canton-Fair.webp 1080w, https:\/\/alandsacrylic.com\/wp-content\/uploads\/2025\/10\/Manufacturer-Exporter-at-the-138th-Canton-Fair-169x300.webp 169w, https:\/\/alandsacrylic.com\/wp-content\/uploads\/2025\/10\/Manufacturer-Exporter-at-the-138th-Canton-Fair-576x1024.webp 576w, https:\/\/alandsacrylic.com\/wp-content\/uploads\/2025\/10\/Manufacturer-Exporter-at-the-138th-Canton-Fair-768x1365.webp 768w, https:\/\/alandsacrylic.com\/wp-content\/uploads\/2025\/10\/Manufacturer-Exporter-at-the-138th-Canton-Fair-864x1536.webp 864w\" sizes=\"(max-width: 1080px) 100vw, 1080px\" \/><\/p><p data-start=\"255\" data-end=\"633\">Alands, fabricant et exportateur professionnel sp\u00e9cialis\u00e9 dans les domaines suivants <strong data-start=\"320\" data-end=\"347\">mat\u00e9riaux pour feuilles acryliques<\/strong>La Commission europ\u00e9enne est fi\u00e8re d'annoncer sa participation \u00e0 la <strong data-start=\"395\" data-end=\"447\">138\u00e8me Foire des importations et exportations de Chine (Foire de Canton)<\/strong>. Nous invitons sinc\u00e8rement les clients et les partenaires du monde entier \u00e0 visiter notre stand et \u00e0 d\u00e9couvrir la qualit\u00e9 et l'innovation qui font d'Alands un nom de confiance dans l'industrie de l'acrylique.<\/p><p data-start=\"635\" data-end=\"767\"><strong data-start=\"635\" data-end=\"657\">N\u00b0 de stand : 17.2C43<\/strong><br data-start=\"657\" data-end=\"660\" \/><strong data-start=\"660\" data-end=\"669\">Date :<\/strong> 15 - 19 octobre 2025 (Phase 1)<br data-start=\"705\" data-end=\"708\" \/><strong data-start=\"708\" data-end=\"718\">Lieu :<\/strong> No. 382, Yuejiang Zhong Road, Guangzhou, Chine<\/p><h3 data-start=\"774\" data-end=\"831\"><strong data-start=\"778\" data-end=\"831\">Votre partenaire fiable pour les solutions de feuilles acryliques<\/strong><\/h3><p data-start=\"833\" data-end=\"1247\">Depuis plus d'une d\u00e9cennie, <strong data-start=\"852\" data-end=\"862\">Alands<\/strong> s'est concentr\u00e9e sur le d\u00e9veloppement et la production de <strong data-start=\"912\" data-end=\"935\">feuilles acryliques coul\u00e9es<\/strong>Les feuilles acryliques sont r\u00e9put\u00e9es pour leur r\u00e9sistance \u00e0 l'usure et \u00e0 la corrosion. Nos feuilles acryliques sont r\u00e9put\u00e9es pour leur <strong data-start=\"1062\" data-end=\"1140\">excellente clart\u00e9, r\u00e9sistance aux intemp\u00e9ries, surface lisse et traitement facile<\/strong>Ils sont donc id\u00e9aux pour <strong data-start=\"1164\" data-end=\"1246\">l'affichage publicitaire, la signalisation, l'\u00e9clairage, l'architecture et la d\u00e9coration int\u00e9rieure<\/strong>.<\/p><p data-start=\"1249\" data-end=\"1350\">Lors de la foire de Canton de cette ann\u00e9e, Alands pr\u00e9sentera un portefeuille diversifi\u00e9 de mat\u00e9riaux acryliques, notamment<\/p><ul data-start=\"1352\" data-end=\"1456\"><li data-start=\"1352\" data-end=\"1376\"><p data-start=\"1354\" data-end=\"1376\"><span style=\"color: #ff0000;\"><a style=\"color: #ff0000;\" href=\"https:\/\/alandsacrylic.com\/fr\/feuille-acrylique\/feuille-acrylique-transparente\/\"><strong>Feuilles acryliques transparentes<\/strong><\/a><\/span><\/p><\/li><li data-start=\"1377\" data-end=\"1403\"><p data-start=\"1379\" data-end=\"1403\"><span style=\"color: #ff0000;\"><a style=\"color: #ff0000;\" href=\"https:\/\/alandsacrylic.com\/fr\/feuille-acrylique\/feuille-acrylique-de-couleur\/\"><strong>Feuilles acryliques color\u00e9es<\/strong><\/a><\/span><\/p><\/li><li data-start=\"1404\" data-end=\"1429\"><p data-start=\"1406\" data-end=\"1429\"><span style=\"color: #ff0000;\"><a style=\"color: #ff0000;\" href=\"https:\/\/alandsacrylic.com\/fr\/feuille-acrylique\/feuille-acrylique-miroir\/\"><strong>Feuilles acryliques miroir<\/strong><\/a><\/span><\/p><\/li><li data-start=\"1430\" data-end=\"1456\"><p data-start=\"1432\" data-end=\"1456\"><span style=\"color: #ff0000;\"><a style=\"color: #ff0000;\" href=\"https:\/\/alandsacrylic.com\/fr\/feuille-acrylique\/feuille-acrylique-pailletee\/\"><strong>Feuilles acryliques paillet\u00e9es<\/strong><\/a><\/span><\/p><\/li><\/ul><p data-start=\"1458\" data-end=\"1556\">Toutes les feuilles peuvent \u00eatre personnalis\u00e9es en <strong data-start=\"1490\" data-end=\"1520\">la taille, l'\u00e9paisseur et la couleur<\/strong> selon les exigences du client.<\/p><h3 data-start=\"1563\" data-end=\"1613\"><strong data-start=\"1567\" data-end=\"1613\">L'engagement pour la qualit\u00e9, le go\u00fbt de l'innovation<\/strong><\/h3><p data-start=\"1615\" data-end=\"1913\">Alands dispose de lignes de production modernes et d'un syst\u00e8me strict de gestion de la qualit\u00e9 afin de garantir que chaque feuille r\u00e9ponde aux normes internationales. Gr\u00e2ce \u00e0 une innovation continue dans la s\u00e9lection des mati\u00e8res premi\u00e8res et la technologie d'extrusion, nous fournissons des produits acryliques pr\u00e9sentant les caract\u00e9ristiques suivantes <strong data-start=\"1862\" data-end=\"1910\">transparence optique et durabilit\u00e9 sup\u00e9rieures<\/strong>.<\/p><p data-start=\"1915\" data-end=\"2054\">Notre mission est de fournir <strong data-start=\"1941\" data-end=\"1973\">solutions acryliques \u00e0 haute valeur ajout\u00e9e<\/strong> qui aident nos partenaires \u00e0 d\u00e9velopper leurs activit\u00e9s et \u00e0 se d\u00e9marquer sur des march\u00e9s concurrentiels.<\/p><p data-start=\"1915\" data-end=\"2054\"><img decoding=\"async\" class=\"size-full wp-image-12104 aligncenter\" src=\"https:\/\/alandsacrylic.com\/wp-content\/uploads\/2025\/10\/Manufacturer-Exporter-at-the-138th-Canton-Fair-2.webp\" alt=\"\" width=\"1080\" height=\"1920\" srcset=\"https:\/\/alandsacrylic.com\/wp-content\/uploads\/2025\/10\/Manufacturer-Exporter-at-the-138th-Canton-Fair-2.webp 1080w, https:\/\/alandsacrylic.com\/wp-content\/uploads\/2025\/10\/Manufacturer-Exporter-at-the-138th-Canton-Fair-2-169x300.webp 169w, https:\/\/alandsacrylic.com\/wp-content\/uploads\/2025\/10\/Manufacturer-Exporter-at-the-138th-Canton-Fair-2-576x1024.webp 576w, https:\/\/alandsacrylic.com\/wp-content\/uploads\/2025\/10\/Manufacturer-Exporter-at-the-138th-Canton-Fair-2-768x1365.webp 768w, https:\/\/alandsacrylic.com\/wp-content\/uploads\/2025\/10\/Manufacturer-Exporter-at-the-138th-Canton-Fair-2-864x1536.webp 864w\" sizes=\"(max-width: 1080px) 100vw, 1080px\" \/><\/p><h3 data-start=\"2061\" data-end=\"2089\"><strong data-start=\"2065\" data-end=\"2089\">Rejoignez-nous \u00e0 Guangzhou<\/strong><\/h3><p data-start=\"2091\" data-end=\"2249\">Nous nous r\u00e9jouissons de vous rencontrer \u00e0 la <strong data-start=\"2129\" data-end=\"2150\">138e Foire de Canton<\/strong> pour discuter des possibilit\u00e9s de coop\u00e9ration et partager des id\u00e9es sur l'avenir de l'industrie de l'acrylique.<\/p><p data-start=\"2251\" data-end=\"2377\"><strong data-start=\"2254\" data-end=\"2287\">Visitez Alands au stand 17.2C43<\/strong><br data-start=\"2287\" data-end=\"2290\" \/><strong data-start=\"2293\" data-end=\"2320\">15-19 octobre 2025<\/strong><br data-start=\"2320\" data-end=\"2323\" \/><strong data-start=\"2326\" data-end=\"2377\">Complexe de la foire d'importation et d'exportation de Chine, Guangzhou<\/strong><\/p><p data-start=\"2379\" data-end=\"2439\">Ensemble, fa\u00e7onnons l'avenir de l'innovation en mati\u00e8re de feuilles acryliques !<\/p>\t\t\t\t\t\t\t\t<\/div>\n\t\t\t\t<\/div>\n\t\t\t\t\t<\/div>\n\t\t\t\t<\/div>\n\t\t\t\t<\/div>","protected":false},"excerpt":{"rendered":"<p>Add Your Heading Text Here Alands, fabricant et exportateur professionnel sp\u00e9cialis\u00e9 dans les mat\u00e9riaux en feuilles acryliques, est fier d'annoncer sa participation \u00e0 la 138e Foire d'importation et d'exportation de Chine (Foire de Canton). Nous invitons sinc\u00e8rement nos clients et partenaires du monde entier \u00e0 visiter notre stand et \u00e0 d\u00e9couvrir la qualit\u00e9 et l'innovation qui font [...]<\/p>","protected":false},"author":1,"featured_media":12104,"comment_status":"open","ping_status":"open","sticky":false,"template":"","format":"standard","meta":{"footnotes":""},"categories":[1],"tags":[],"class_list":["post-12101","post","type-post","status-publish","format-standard","has-post-thumbnail","hentry","category-news"],"yoast_head":"<!-- This site is optimized with the Yoast SEO Premium plugin v23.6 (Yoast SEO v27.4) - https:\/\/yoast.com\/product\/yoast-seo-premium-wordpress\/ -->\n<title>Manufacturer &amp; Exporter at the 138th Canton Fair - alandsacrylic<\/title>\n<meta name=\"description\" content=\"Alands, a leading acrylic sheet manufacturer, will exhibit at the 138th Canton Fair in Guangzhou, Booth 17.2C43, Oct 15\u201319, 2025.\" \/>\n<meta name=\"robots\" content=\"index, follow, max-snippet:-1, max-image-preview:large, max-video-preview:-1\" \/>\n<link rel=\"canonical\" href=\"https:\/\/alandsacrylic.com\/fr\/nouvelles\/fabricant-amp-exportateur-a-la-138eme-foire-du-canton\/\" \/>\n<meta property=\"og:locale\" content=\"fr_FR\" \/>\n<meta property=\"og:type\" content=\"article\" \/>\n<meta property=\"og:title\" content=\"Manufacturer &amp; Exporter at the 138th Canton Fair\" \/>\n<meta property=\"og:description\" content=\"Alands, a leading acrylic sheet manufacturer, will exhibit at the 138th Canton Fair in Guangzhou, Booth 17.2C43, Oct 15\u201319, 2025.\" \/>\n<meta property=\"og:url\" content=\"https:\/\/alandsacrylic.com\/fr\/nouvelles\/fabricant-amp-exportateur-a-la-138eme-foire-du-canton\/\" \/>\n<meta property=\"og:site_name\" content=\"alandsacrylic\" \/>\n<meta property=\"article:published_time\" content=\"2025-10-14T02:30:17+00:00\" \/>\n<meta property=\"article:modified_time\" content=\"2025-10-14T02:35:03+00:00\" \/>\n<meta property=\"og:image\" content=\"https:\/\/alandsacrylic.com\/wp-content\/uploads\/2025\/10\/Manufacturer-Exporter-at-the-138th-Canton-Fair-2.webp\" \/>\n\t<meta property=\"og:image:width\" content=\"1080\" \/>\n\t<meta property=\"og:image:height\" content=\"1920\" \/>\n\t<meta property=\"og:image:type\" content=\"image\/webp\" \/>\n<meta name=\"author\" content=\"Acrylic alands\" \/>\n<meta name=\"twitter:card\" content=\"summary_large_image\" \/>\n<meta name=\"twitter:label1\" content=\"\u00c9crit par\" \/>\n\t<meta name=\"twitter:data1\" content=\"Acrylic alands\" \/>\n\t<meta name=\"twitter:label2\" content=\"Dur\u00e9e de lecture estim\u00e9e\" \/>\n\t<meta name=\"twitter:data2\" content=\"2 minutes\" \/>\n<script type=\"application\/ld+json\" class=\"yoast-schema-graph\">{\"@context\":\"https:\\\/\\\/schema.org\",\"@graph\":[{\"@type\":\"Article\",\"@id\":\"https:\\\/\\\/alandsacrylic.com\\\/fr\\\/nouvelles\\\/fabricant-amp-exportateur-a-la-138eme-foire-du-canton\\\/#article\",\"isPartOf\":{\"@id\":\"https:\\\/\\\/alandsacrylic.com\\\/fr\\\/nouvelles\\\/fabricant-amp-exportateur-a-la-138eme-foire-du-canton\\\/\"},\"author\":{\"name\":\"Acrylic alands\",\"@id\":\"https:\\\/\\\/alandsacrylic.com\\\/fr\\\/#\\\/schema\\\/person\\\/b75d9a7785bb394d15057c4c00780257\"},\"headline\":\"Manufacturer &amp; Exporter at the 138th Canton Fair\",\"datePublished\":\"2025-10-14T02:30:17+00:00\",\"dateModified\":\"2025-10-14T02:35:03+00:00\",\"mainEntityOfPage\":{\"@id\":\"https:\\\/\\\/alandsacrylic.com\\\/fr\\\/nouvelles\\\/fabricant-amp-exportateur-a-la-138eme-foire-du-canton\\\/\"},\"wordCount\":312,\"commentCount\":0,\"publisher\":{\"@id\":\"https:\\\/\\\/alandsacrylic.com\\\/fr\\\/#organization\"},\"image\":{\"@id\":\"https:\\\/\\\/alandsacrylic.com\\\/fr\\\/nouvelles\\\/fabricant-amp-exportateur-a-la-138eme-foire-du-canton\\\/#primaryimage\"},\"thumbnailUrl\":\"https:\\\/\\\/alandsacrylic.com\\\/wp-content\\\/uploads\\\/2025\\\/10\\\/Manufacturer-Exporter-at-the-138th-Canton-Fair-2.webp\",\"articleSection\":[\"news\"],\"inLanguage\":\"fr-FR\",\"potentialAction\":[{\"@type\":\"CommentAction\",\"name\":\"Comment\",\"target\":[\"https:\\\/\\\/alandsacrylic.com\\\/fr\\\/nouvelles\\\/fabricant-amp-exportateur-a-la-138eme-foire-du-canton\\\/#respond\"]}]},{\"@type\":\"WebPage\",\"@id\":\"https:\\\/\\\/alandsacrylic.com\\\/fr\\\/nouvelles\\\/fabricant-amp-exportateur-a-la-138eme-foire-du-canton\\\/\",\"url\":\"https:\\\/\\\/alandsacrylic.com\\\/fr\\\/nouvelles\\\/fabricant-amp-exportateur-a-la-138eme-foire-du-canton\\\/\",\"name\":\"Manufacturer &amp; Exporter at the 138th Canton Fair - alandsacrylic\",\"isPartOf\":{\"@id\":\"https:\\\/\\\/alandsacrylic.com\\\/fr\\\/#website\"},\"primaryImageOfPage\":{\"@id\":\"https:\\\/\\\/alandsacrylic.com\\\/fr\\\/nouvelles\\\/fabricant-amp-exportateur-a-la-138eme-foire-du-canton\\\/#primaryimage\"},\"image\":{\"@id\":\"https:\\\/\\\/alandsacrylic.com\\\/fr\\\/nouvelles\\\/fabricant-amp-exportateur-a-la-138eme-foire-du-canton\\\/#primaryimage\"},\"thumbnailUrl\":\"https:\\\/\\\/alandsacrylic.com\\\/wp-content\\\/uploads\\\/2025\\\/10\\\/Manufacturer-Exporter-at-the-138th-Canton-Fair-2.webp\",\"datePublished\":\"2025-10-14T02:30:17+00:00\",\"dateModified\":\"2025-10-14T02:35:03+00:00\",\"description\":\"Alands, a leading acrylic sheet manufacturer, will exhibit at the 138th Canton Fair in Guangzhou, Booth 17.2C43, Oct 15\u201319, 2025.\",\"breadcrumb\":{\"@id\":\"https:\\\/\\\/alandsacrylic.com\\\/fr\\\/nouvelles\\\/fabricant-amp-exportateur-a-la-138eme-foire-du-canton\\\/#breadcrumb\"},\"inLanguage\":\"fr-FR\",\"potentialAction\":[{\"@type\":\"ReadAction\",\"target\":[\"https:\\\/\\\/alandsacrylic.com\\\/fr\\\/nouvelles\\\/fabricant-amp-exportateur-a-la-138eme-foire-du-canton\\\/\"]}]},{\"@type\":\"ImageObject\",\"inLanguage\":\"fr-FR\",\"@id\":\"https:\\\/\\\/alandsacrylic.com\\\/fr\\\/nouvelles\\\/fabricant-amp-exportateur-a-la-138eme-foire-du-canton\\\/#primaryimage\",\"url\":\"https:\\\/\\\/alandsacrylic.com\\\/wp-content\\\/uploads\\\/2025\\\/10\\\/Manufacturer-Exporter-at-the-138th-Canton-Fair-2.webp\",\"contentUrl\":\"https:\\\/\\\/alandsacrylic.com\\\/wp-content\\\/uploads\\\/2025\\\/10\\\/Manufacturer-Exporter-at-the-138th-Canton-Fair-2.webp\",\"width\":1080,\"height\":1920},{\"@type\":\"BreadcrumbList\",\"@id\":\"https:\\\/\\\/alandsacrylic.com\\\/fr\\\/nouvelles\\\/fabricant-amp-exportateur-a-la-138eme-foire-du-canton\\\/#breadcrumb\",\"itemListElement\":[{\"@type\":\"ListItem\",\"position\":1,\"name\":\"Home\",\"item\":\"https:\\\/\\\/alandsacrylic.com\\\/\"},{\"@type\":\"ListItem\",\"position\":2,\"name\":\"news\",\"item\":\"https:\\\/\\\/alandsacrylic.com\\\/en\\\/news\\\/\"},{\"@type\":\"ListItem\",\"position\":3,\"name\":\"Manufacturer &amp; Exporter at the 138th Canton Fair\"}]},{\"@type\":\"WebSite\",\"@id\":\"https:\\\/\\\/alandsacrylic.com\\\/fr\\\/#website\",\"url\":\"https:\\\/\\\/alandsacrylic.com\\\/fr\\\/\",\"name\":\"alandsacrylic\",\"description\":\"\",\"publisher\":{\"@id\":\"https:\\\/\\\/alandsacrylic.com\\\/fr\\\/#organization\"},\"potentialAction\":[{\"@type\":\"SearchAction\",\"target\":{\"@type\":\"EntryPoint\",\"urlTemplate\":\"https:\\\/\\\/alandsacrylic.com\\\/fr\\\/?s={search_term_string}\"},\"query-input\":{\"@type\":\"PropertyValueSpecification\",\"valueRequired\":true,\"valueName\":\"search_term_string\"}}],\"inLanguage\":\"fr-FR\"},{\"@type\":\"Organization\",\"@id\":\"https:\\\/\\\/alandsacrylic.com\\\/fr\\\/#organization\",\"name\":\"alandsacrylic\",\"url\":\"https:\\\/\\\/alandsacrylic.com\\\/fr\\\/\",\"logo\":{\"@type\":\"ImageObject\",\"inLanguage\":\"fr-FR\",\"@id\":\"https:\\\/\\\/alandsacrylic.com\\\/fr\\\/#\\\/schema\\\/logo\\\/image\\\/\",\"url\":\"https:\\\/\\\/alandsacrylic.com\\\/wp-content\\\/uploads\\\/2024\\\/11\\\/alandsacrylic-logo-4.webp\",\"contentUrl\":\"https:\\\/\\\/alandsacrylic.com\\\/wp-content\\\/uploads\\\/2024\\\/11\\\/alandsacrylic-logo-4.webp\",\"width\":2072,\"height\":782,\"caption\":\"alandsacrylic\"},\"image\":{\"@id\":\"https:\\\/\\\/alandsacrylic.com\\\/fr\\\/#\\\/schema\\\/logo\\\/image\\\/\"}},{\"@type\":\"Person\",\"@id\":\"https:\\\/\\\/alandsacrylic.com\\\/fr\\\/#\\\/schema\\\/person\\\/b75d9a7785bb394d15057c4c00780257\",\"name\":\"Acrylic alands\",\"image\":{\"@type\":\"ImageObject\",\"inLanguage\":\"fr-FR\",\"@id\":\"https:\\\/\\\/alandsacrylic.com\\\/wp-content\\\/litespeed\\\/avatar\\\/747147b8308200af278c36ece5bc002d.jpg?ver=1776833266\",\"url\":\"https:\\\/\\\/alandsacrylic.com\\\/wp-content\\\/litespeed\\\/avatar\\\/747147b8308200af278c36ece5bc002d.jpg?ver=1776833266\",\"contentUrl\":\"https:\\\/\\\/alandsacrylic.com\\\/wp-content\\\/litespeed\\\/avatar\\\/747147b8308200af278c36ece5bc002d.jpg?ver=1776833266\",\"caption\":\"Acrylic alands\"},\"sameAs\":[\"https:\\\/\\\/alandsacrylic.com\"],\"url\":\"https:\\\/\\\/alandsacrylic.com\\\/fr\\\/author\\\/qiny682\\\/\"}]}<\/script>\n<!-- \/ Yoast SEO Premium plugin. -->","yoast_head_json":{"title":"Fabricant et exportateur \u00e0 la 138e Foire de Canton - alandsacrylic","description":"Alands, l'un des principaux fabricants de feuilles acryliques, participera \u00e0 la 138e Foire de Canton \u00e0 Guangzhou, stand 17.2C43, du 15 au 19 octobre 2025.","robots":{"index":"index","follow":"follow","max-snippet":"max-snippet:-1","max-image-preview":"max-image-preview:large","max-video-preview":"max-video-preview:-1"},"canonical":"https:\/\/alandsacrylic.com\/fr\/nouvelles\/fabricant-amp-exportateur-a-la-138eme-foire-du-canton\/","og_locale":"fr_FR","og_type":"article","og_title":"Manufacturer &amp; Exporter at the 138th Canton Fair","og_description":"Alands, a leading acrylic sheet manufacturer, will exhibit at the 138th Canton Fair in Guangzhou, Booth 17.2C43, Oct 15\u201319, 2025.","og_url":"https:\/\/alandsacrylic.com\/fr\/nouvelles\/fabricant-amp-exportateur-a-la-138eme-foire-du-canton\/","og_site_name":"alandsacrylic","article_published_time":"2025-10-14T02:30:17+00:00","article_modified_time":"2025-10-14T02:35:03+00:00","og_image":[{"width":1080,"height":1920,"url":"https:\/\/alandsacrylic.com\/wp-content\/uploads\/2025\/10\/Manufacturer-Exporter-at-the-138th-Canton-Fair-2.webp","type":"image\/webp"}],"author":"Acrylic alands","twitter_card":"summary_large_image","twitter_misc":{"\u00c9crit par":"Acrylic alands","Dur\u00e9e de lecture estim\u00e9e":"2 minutes"},"schema":{"@context":"https:\/\/schema.org","@graph":[{"@type":"Article","@id":"https:\/\/alandsacrylic.com\/fr\/nouvelles\/fabricant-amp-exportateur-a-la-138eme-foire-du-canton\/#article","isPartOf":{"@id":"https:\/\/alandsacrylic.com\/fr\/nouvelles\/fabricant-amp-exportateur-a-la-138eme-foire-du-canton\/"},"author":{"name":"Acrylic alands","@id":"https:\/\/alandsacrylic.com\/fr\/#\/schema\/person\/b75d9a7785bb394d15057c4c00780257"},"headline":"Manufacturer &amp; Exporter at the 138th Canton Fair","datePublished":"2025-10-14T02:30:17+00:00","dateModified":"2025-10-14T02:35:03+00:00","mainEntityOfPage":{"@id":"https:\/\/alandsacrylic.com\/fr\/nouvelles\/fabricant-amp-exportateur-a-la-138eme-foire-du-canton\/"},"wordCount":312,"commentCount":0,"publisher":{"@id":"https:\/\/alandsacrylic.com\/fr\/#organization"},"image":{"@id":"https:\/\/alandsacrylic.com\/fr\/nouvelles\/fabricant-amp-exportateur-a-la-138eme-foire-du-canton\/#primaryimage"},"thumbnailUrl":"https:\/\/alandsacrylic.com\/wp-content\/uploads\/2025\/10\/Manufacturer-Exporter-at-the-138th-Canton-Fair-2.webp","articleSection":["news"],"inLanguage":"fr-FR","potentialAction":[{"@type":"CommentAction","name":"Comment","target":["https:\/\/alandsacrylic.com\/fr\/nouvelles\/fabricant-amp-exportateur-a-la-138eme-foire-du-canton\/#respond"]}]},{"@type":"WebPage","@id":"https:\/\/alandsacrylic.com\/fr\/nouvelles\/fabricant-amp-exportateur-a-la-138eme-foire-du-canton\/","url":"https:\/\/alandsacrylic.com\/fr\/nouvelles\/fabricant-amp-exportateur-a-la-138eme-foire-du-canton\/","name":"Fabricant et exportateur \u00e0 la 138e Foire de Canton - alandsacrylic","isPartOf":{"@id":"https:\/\/alandsacrylic.com\/fr\/#website"},"primaryImageOfPage":{"@id":"https:\/\/alandsacrylic.com\/fr\/nouvelles\/fabricant-amp-exportateur-a-la-138eme-foire-du-canton\/#primaryimage"},"image":{"@id":"https:\/\/alandsacrylic.com\/fr\/nouvelles\/fabricant-amp-exportateur-a-la-138eme-foire-du-canton\/#primaryimage"},"thumbnailUrl":"https:\/\/alandsacrylic.com\/wp-content\/uploads\/2025\/10\/Manufacturer-Exporter-at-the-138th-Canton-Fair-2.webp","datePublished":"2025-10-14T02:30:17+00:00","dateModified":"2025-10-14T02:35:03+00:00","description":"Alands, l'un des principaux fabricants de feuilles acryliques, participera \u00e0 la 138e Foire de Canton \u00e0 Guangzhou, stand 17.2C43, du 15 au 19 octobre 2025.","breadcrumb":{"@id":"https:\/\/alandsacrylic.com\/fr\/nouvelles\/fabricant-amp-exportateur-a-la-138eme-foire-du-canton\/#breadcrumb"},"inLanguage":"fr-FR","potentialAction":[{"@type":"ReadAction","target":["https:\/\/alandsacrylic.com\/fr\/nouvelles\/fabricant-amp-exportateur-a-la-138eme-foire-du-canton\/"]}]},{"@type":"ImageObject","inLanguage":"fr-FR","@id":"https:\/\/alandsacrylic.com\/fr\/nouvelles\/fabricant-amp-exportateur-a-la-138eme-foire-du-canton\/#primaryimage","url":"https:\/\/alandsacrylic.com\/wp-content\/uploads\/2025\/10\/Manufacturer-Exporter-at-the-138th-Canton-Fair-2.webp","contentUrl":"https:\/\/alandsacrylic.com\/wp-content\/uploads\/2025\/10\/Manufacturer-Exporter-at-the-138th-Canton-Fair-2.webp","width":1080,"height":1920},{"@type":"BreadcrumbList","@id":"https:\/\/alandsacrylic.com\/fr\/nouvelles\/fabricant-amp-exportateur-a-la-138eme-foire-du-canton\/#breadcrumb","itemListElement":[{"@type":"ListItem","position":1,"name":"Home","item":"https:\/\/alandsacrylic.com\/"},{"@type":"ListItem","position":2,"name":"news","item":"https:\/\/alandsacrylic.com\/en\/news\/"},{"@type":"ListItem","position":3,"name":"Manufacturer &amp; Exporter at the 138th Canton Fair"}]},{"@type":"WebSite","@id":"https:\/\/alandsacrylic.com\/fr\/#website","url":"https:\/\/alandsacrylic.com\/fr\/","name":"alandsacrylic","description":"","publisher":{"@id":"https:\/\/alandsacrylic.com\/fr\/#organization"},"potentialAction":[{"@type":"SearchAction","target":{"@type":"EntryPoint","urlTemplate":"https:\/\/alandsacrylic.com\/fr\/?s={search_term_string}"},"query-input":{"@type":"PropertyValueSpecification","valueRequired":true,"valueName":"search_term_string"}}],"inLanguage":"fr-FR"},{"@type":"Organization","@id":"https:\/\/alandsacrylic.com\/fr\/#organization","name":"alandsacrylic","url":"https:\/\/alandsacrylic.com\/fr\/","logo":{"@type":"ImageObject","inLanguage":"fr-FR","@id":"https:\/\/alandsacrylic.com\/fr\/#\/schema\/logo\/image\/","url":"https:\/\/alandsacrylic.com\/wp-content\/uploads\/2024\/11\/alandsacrylic-logo-4.webp","contentUrl":"https:\/\/alandsacrylic.com\/wp-content\/uploads\/2024\/11\/alandsacrylic-logo-4.webp","width":2072,"height":782,"caption":"alandsacrylic"},"image":{"@id":"https:\/\/alandsacrylic.com\/fr\/#\/schema\/logo\/image\/"}},{"@type":"Person","@id":"https:\/\/alandsacrylic.com\/fr\/#\/schema\/person\/b75d9a7785bb394d15057c4c00780257","name":"Aiguilles en acrylique","image":{"@type":"ImageObject","inLanguage":"fr-FR","@id":"https:\/\/alandsacrylic.com\/wp-content\/litespeed\/avatar\/747147b8308200af278c36ece5bc002d.jpg?ver=1776833266","url":"https:\/\/alandsacrylic.com\/wp-content\/litespeed\/avatar\/747147b8308200af278c36ece5bc002d.jpg?ver=1776833266","contentUrl":"https:\/\/alandsacrylic.com\/wp-content\/litespeed\/avatar\/747147b8308200af278c36ece5bc002d.jpg?ver=1776833266","caption":"Acrylic alands"},"sameAs":["https:\/\/alandsacrylic.com"],"url":"https:\/\/alandsacrylic.com\/fr\/author\/qiny682\/"}]}},"_links":{"self":[{"href":"https:\/\/alandsacrylic.com\/fr\/wp-json\/wp\/v2\/posts\/12101","targetHints":{"allow":["GET"]}}],"collection":[{"href":"https:\/\/alandsacrylic.com\/fr\/wp-json\/wp\/v2\/posts"}],"about":[{"href":"https:\/\/alandsacrylic.com\/fr\/wp-json\/wp\/v2\/types\/post"}],"author":[{"embeddable":true,"href":"https:\/\/alandsacrylic.com\/fr\/wp-json\/wp\/v2\/users\/1"}],"replies":[{"embeddable":true,"href":"https:\/\/alandsacrylic.com\/fr\/wp-json\/wp\/v2\/comments?post=12101"}],"version-history":[{"count":8,"href":"https:\/\/alandsacrylic.com\/fr\/wp-json\/wp\/v2\/posts\/12101\/revisions"}],"predecessor-version":[{"id":12111,"href":"https:\/\/alandsacrylic.com\/fr\/wp-json\/wp\/v2\/posts\/12101\/revisions\/12111"}],"wp:featuredmedia":[{"embeddable":true,"href":"https:\/\/alandsacrylic.com\/fr\/wp-json\/wp\/v2\/media\/12104"}],"wp:attachment":[{"href":"https:\/\/alandsacrylic.com\/fr\/wp-json\/wp\/v2\/media?parent=12101"}],"wp:term":[{"taxonomy":"category","embeddable":true,"href":"https:\/\/alandsacrylic.com\/fr\/wp-json\/wp\/v2\/categories?post=12101"},{"taxonomy":"post_tag","embeddable":true,"href":"https:\/\/alandsacrylic.com\/fr\/wp-json\/wp\/v2\/tags?post=12101"}],"curies":[{"name":"wp","href":"https:\/\/api.w.org\/{rel}","templated":true}]}}