{"id":8741,"date":"2025-04-18T08:50:13","date_gmt":"2025-04-18T08:50:13","guid":{"rendered":"https:\/\/alandsacrylic.com\/?p=8741"},"modified":"2026-01-28T01:18:47","modified_gmt":"2026-01-28T01:18:47","slug":"que-grosor-de-metacrilato-necesito","status":"publish","type":"post","link":"https:\/\/alandsacrylic.com\/es\/noticias\/que-grosor-de-metacrilato-necesito\/","title":{"rendered":"\u00bfQu\u00e9 grosor de metacrilato necesito?"},"content":{"rendered":"<div data-elementor-type=\"wp-post\" data-elementor-id=\"8741\" class=\"elementor elementor-8741\" data-elementor-post-type=\"post\">\n\t\t\t\t<div class=\"elementor-element elementor-element-6d1c634 e-flex e-con-boxed e-con e-parent\" data-id=\"6d1c634\" data-element_type=\"container\" data-e-type=\"container\">\n\t\t\t\t\t<div class=\"e-con-inner\">\n\t\t\t\t<div class=\"elementor-element elementor-element-e0e2fa0 elementor-widget elementor-widget-heading\" data-id=\"e0e2fa0\" data-element_type=\"widget\" data-e-type=\"widget\" data-widget_type=\"heading.default\">\n\t\t\t\t<div class=\"elementor-widget-container\">\n\t\t\t\t\t<h2 class=\"elementor-heading-title elementor-size-default\">\u00bfQu\u00e9 grosor de metacrilato necesito?<\/h2>\t\t\t\t<\/div>\n\t\t\t\t<\/div>\n\t\t\t\t\t<\/div>\n\t\t\t\t<\/div>\n\t\t<div class=\"elementor-element elementor-element-577ba6d e-flex e-con-boxed e-con e-parent\" data-id=\"577ba6d\" data-element_type=\"container\" data-e-type=\"container\">\n\t\t\t\t\t<div class=\"e-con-inner\">\n\t\t\t\t<div class=\"elementor-element elementor-element-738f03d elementor-widget elementor-widget-text-editor\" data-id=\"738f03d\" data-element_type=\"widget\" data-e-type=\"widget\" data-widget_type=\"text-editor.default\">\n\t\t\t\t<div class=\"elementor-widget-container\">\n\t\t\t\t\t\t\t\t\t<p class=\"\" data-start=\"335\" data-end=\"639\">A la hora de elegir una plancha de Perspex (tambi\u00e9n conocido como acr\u00edlico), el grosor adecuado depende de las necesidades espec\u00edficas de su proyecto. Las aplicaciones ligeras, como marcos para carteles, difusores de luz o cubiertas protectoras, suelen requerir <strong data-start=\"551\" data-end=\"565\">De 2 mm a 3 mm<\/strong> l\u00e1minas gruesas. Son f\u00e1ciles de manejar y rentables para su uso en interiores.<\/p><p data-start=\"641\" data-end=\"857\"><img fetchpriority=\"high\" decoding=\"async\" class=\"aligncenter wp-image-7877 size-full\" src=\"https:\/\/alandsacrylic.com\/wp-content\/uploads\/2025\/03\/perspex-sheet-1.webp\" alt=\"\" width=\"1920\" height=\"1083\" srcset=\"https:\/\/alandsacrylic.com\/wp-content\/uploads\/2025\/03\/perspex-sheet-1.webp 1920w, https:\/\/alandsacrylic.com\/wp-content\/uploads\/2025\/03\/perspex-sheet-1-300x169.webp 300w, https:\/\/alandsacrylic.com\/wp-content\/uploads\/2025\/03\/perspex-sheet-1-1024x578.webp 1024w, https:\/\/alandsacrylic.com\/wp-content\/uploads\/2025\/03\/perspex-sheet-1-768x433.webp 768w, https:\/\/alandsacrylic.com\/wp-content\/uploads\/2025\/03\/perspex-sheet-1-1536x866.webp 1536w\" sizes=\"(max-width: 1920px) 100vw, 1920px\" \/><\/p><p class=\"\" data-start=\"641\" data-end=\"857\">Para proyectos en los que el acr\u00edlico debe aguantar cierto peso, como <strong data-start=\"703\" data-end=\"757\">expositores, peque\u00f1as estanter\u00edas o vitrinas<\/strong>-<strong data-start=\"758\" data-end=\"772\">De 5 mm a 8 mm<\/strong> es una opci\u00f3n mejor. Ofrece m\u00e1s resistencia sin a\u00f1adir un peso o coste excesivos.<\/p><p class=\"\" data-start=\"859\" data-end=\"1243\">Si est\u00e1 trabajando en un <strong data-start=\"882\" data-end=\"921\">proyecto portante o de gran impacto<\/strong>como <strong data-start=\"931\" data-end=\"1000\">pantallas protectoras, acuarios, protectores de m\u00e1quinas o acristalamientos exteriores<\/strong>deber\u00e1 tener en cuenta <strong data-start=\"1026\" data-end=\"1052\">l\u00e1minas acr\u00edlicas m\u00e1s gruesas<\/strong>, t\u00edpicamente <strong data-start=\"1064\" data-end=\"1087\">10 mm, 12 mm o 18 mm<\/strong>. Cuanto m\u00e1s gruesa sea la plancha, m\u00e1s r\u00edgida y duradera ser\u00e1, pero tambi\u00e9n m\u00e1s pesada y cara, por lo que es importante encontrar un equilibrio entre resistencia y practicidad.<\/p><p data-start=\"1245\" data-end=\"1398\"><img decoding=\"async\" class=\"aligncenter wp-image-8209 size-full\" src=\"https:\/\/alandsacrylic.com\/wp-content\/uploads\/2025\/03\/perspex-sheet-3-1.webp\" alt=\"\" width=\"1920\" height=\"1239\" srcset=\"https:\/\/alandsacrylic.com\/wp-content\/uploads\/2025\/03\/perspex-sheet-3-1.webp 1920w, https:\/\/alandsacrylic.com\/wp-content\/uploads\/2025\/03\/perspex-sheet-3-1-300x194.webp 300w, https:\/\/alandsacrylic.com\/wp-content\/uploads\/2025\/03\/perspex-sheet-3-1-1024x661.webp 1024w, https:\/\/alandsacrylic.com\/wp-content\/uploads\/2025\/03\/perspex-sheet-3-1-768x496.webp 768w, https:\/\/alandsacrylic.com\/wp-content\/uploads\/2025\/03\/perspex-sheet-3-1-1536x991.webp 1536w\" sizes=\"(max-width: 1920px) 100vw, 1920px\" \/><\/p><p class=\"\" data-start=\"1245\" data-end=\"1398\">\u00bfA\u00fan no sabe qu\u00e9 grosor de metacrilato necesita? Muchos proveedores ofrecen gu\u00edas de espesores basadas en casos de uso, o puede consultar a un experto antes de hacer el pedido.<\/p>\t\t\t\t\t\t\t\t<\/div>\n\t\t\t\t<\/div>\n\t\t\t\t\t<\/div>\n\t\t\t\t<\/div>\n\t\t<div class=\"elementor-element elementor-element-b902936 e-flex e-con-boxed e-con e-parent\" data-id=\"b902936\" data-element_type=\"container\" data-e-type=\"container\">\n\t\t\t\t\t<div class=\"e-con-inner\">\n\t\t\t\t<div class=\"elementor-element elementor-element-8e2421a elementor-widget elementor-widget-heading\" data-id=\"8e2421a\" data-element_type=\"widget\" data-e-type=\"widget\" data-widget_type=\"heading.default\">\n\t\t\t\t<div class=\"elementor-widget-container\">\n\t\t\t\t\t<h2 class=\"elementor-heading-title elementor-size-default\">Art\u00edculos recomendados<\/h2>\t\t\t\t<\/div>\n\t\t\t\t<\/div>\n\t\t\t\t<div class=\"elementor-element elementor-element-a506872 elementor-grid-4 elementor-grid-mobile-2 elementor-grid-tablet-2 elementor-widget elementor-widget-portfolio\" data-id=\"a506872\" data-element_type=\"widget\" data-e-type=\"widget\" data-settings=\"{&quot;columns&quot;:&quot;4&quot;,&quot;columns_mobile&quot;:&quot;2&quot;,&quot;row_gap&quot;:{&quot;unit&quot;:&quot;px&quot;,&quot;size&quot;:5,&quot;sizes&quot;:[]},&quot;columns_tablet&quot;:&quot;2&quot;,&quot;item_ratio&quot;:{&quot;unit&quot;:&quot;px&quot;,&quot;size&quot;:0.66,&quot;sizes&quot;:[]},&quot;item_gap&quot;:{&quot;unit&quot;:&quot;px&quot;,&quot;size&quot;:&quot;&quot;,&quot;sizes&quot;:[]}}\" data-widget_type=\"portfolio.default\">\n\t\t\t\t<div class=\"elementor-widget-container\">\n\t\t\t\t\t\t\t<div class=\"elementor-portfolio elementor-grid elementor-posts-container\" role=\"list\">\n\t\t\t\t<article class=\"elementor-portfolio-item elementor-post  post-8750 post type-post status-publish format-standard has-post-thumbnail hentry category-news\" role=\"listitem\">\n\t\t\t<a class=\"elementor-post__thumbnail__link\" href=\"https:\/\/alandsacrylic.com\/es\/noticias\/cual-es-el-precio-de-la-chapa-acrilica-de-18-mm\/\">\n\t\t\t\t<div class=\"elementor-portfolio-item__img elementor-post__thumbnail\">\n\t\t\t<img decoding=\"async\" width=\"300\" height=\"225\" src=\"https:\/\/alandsacrylic.com\/wp-content\/uploads\/2025\/04\/Acrylic-sheet-pictures-5-300x225.webp\" class=\"attachment-medium size-medium wp-image-8496\" alt=\"\" srcset=\"https:\/\/alandsacrylic.com\/wp-content\/uploads\/2025\/04\/Acrylic-sheet-pictures-5-300x225.webp 300w, https:\/\/alandsacrylic.com\/wp-content\/uploads\/2025\/04\/Acrylic-sheet-pictures-5-768x577.webp 768w, https:\/\/alandsacrylic.com\/wp-content\/uploads\/2025\/04\/Acrylic-sheet-pictures-5.webp 1005w\" sizes=\"(max-width: 300px) 100vw, 300px\" \/>\t\t<\/div>\n\t\t\t\t<div class=\"elementor-portfolio-item__overlay\">\n\t\t\t\t<h3 class=\"elementor-portfolio-item__title\">\n\t\t\u00bfCu\u00e1l es el precio de la l\u00e1mina acr\u00edlica de 18 mm?\t\t<\/h3>\n\t\t\t\t<\/div>\n\t\t\t\t<\/a>\n\t\t<\/article>\n\t\t\t\t<article class=\"elementor-portfolio-item elementor-post  post-7558 post type-post status-publish format-standard has-post-thumbnail hentry category-news\" role=\"listitem\">\n\t\t\t<a class=\"elementor-post__thumbnail__link\" href=\"https:\/\/alandsacrylic.com\/es\/productos\/hoja-acrilica\/lamina-acrilica-transparente\/\">\n\t\t\t\t<div class=\"elementor-portfolio-item__img elementor-post__thumbnail\">\n\t\t\t<img loading=\"lazy\" decoding=\"async\" width=\"300\" height=\"205\" src=\"https:\/\/alandsacrylic.com\/wp-content\/uploads\/2024\/10\/package-3-300x205.webp\" class=\"attachment-medium size-medium wp-image-2326\" alt=\"\" srcset=\"https:\/\/alandsacrylic.com\/wp-content\/uploads\/2024\/10\/package-3-300x205.webp 300w, https:\/\/alandsacrylic.com\/wp-content\/uploads\/2024\/10\/package-3-600x411.webp 600w, https:\/\/alandsacrylic.com\/wp-content\/uploads\/2024\/10\/package-3-1024x701.webp 1024w, https:\/\/alandsacrylic.com\/wp-content\/uploads\/2024\/10\/package-3-768x526.webp 768w, https:\/\/alandsacrylic.com\/wp-content\/uploads\/2024\/10\/package-3.webp 1314w\" sizes=\"(max-width: 300px) 100vw, 300px\" \/>\t\t<\/div>\n\t\t\t\t<div class=\"elementor-portfolio-item__overlay\">\n\t\t\t\t<h3 class=\"elementor-portfolio-item__title\">\n\t\tL\u00e1mina acr\u00edlica transparente : Especificaciones y categor\u00edas\t\t<\/h3>\n\t\t\t\t<\/div>\n\t\t\t\t<\/a>\n\t\t<\/article>\n\t\t\t\t<article class=\"elementor-portfolio-item elementor-post  post-7547 post type-post status-publish format-standard has-post-thumbnail hentry category-news\" role=\"listitem\">\n\t\t\t<a class=\"elementor-post__thumbnail__link\" href=\"https:\/\/alandsacrylic.com\/es\/noticias\/lamina-acrilica-esmerilada\/\">\n\t\t\t\t<div class=\"elementor-portfolio-item__img elementor-post__thumbnail\">\n\t\t\t<img loading=\"lazy\" decoding=\"async\" width=\"300\" height=\"300\" src=\"https:\/\/alandsacrylic.com\/wp-content\/uploads\/2024\/11\/frosted-acrylic-sheet-22-300x300.webp\" class=\"attachment-medium size-medium wp-image-4633\" alt=\"l\u00e1mina acr\u00edlica esmerilada (22)\" srcset=\"https:\/\/alandsacrylic.com\/wp-content\/uploads\/2024\/11\/frosted-acrylic-sheet-22-300x300.webp 300w, https:\/\/alandsacrylic.com\/wp-content\/uploads\/2024\/11\/frosted-acrylic-sheet-22-150x150.webp 150w, https:\/\/alandsacrylic.com\/wp-content\/uploads\/2024\/11\/frosted-acrylic-sheet-22-768x768.webp 768w, https:\/\/alandsacrylic.com\/wp-content\/uploads\/2024\/11\/frosted-acrylic-sheet-22-600x600.webp 600w, https:\/\/alandsacrylic.com\/wp-content\/uploads\/2024\/11\/frosted-acrylic-sheet-22-100x100.webp 100w, https:\/\/alandsacrylic.com\/wp-content\/uploads\/2024\/11\/frosted-acrylic-sheet-22.webp 800w\" sizes=\"(max-width: 300px) 100vw, 300px\" \/>\t\t<\/div>\n\t\t\t\t<div class=\"elementor-portfolio-item__overlay\">\n\t\t\t\t<h3 class=\"elementor-portfolio-item__title\">\n\t\tl\u00e1mina acr\u00edlica esmerilada\t\t<\/h3>\n\t\t\t\t<\/div>\n\t\t\t\t<\/a>\n\t\t<\/article>\n\t\t\t\t<article class=\"elementor-portfolio-item elementor-post  post-7515 post type-post status-publish format-standard has-post-thumbnail hentry category-news\" role=\"listitem\">\n\t\t\t<a class=\"elementor-post__thumbnail__link\" href=\"https:\/\/alandsacrylic.com\/es\/noticias\/chapa-acrilica-4x8-2\/\">\n\t\t\t\t<div class=\"elementor-portfolio-item__img elementor-post__thumbnail\">\n\t\t\t<img loading=\"lazy\" decoding=\"async\" width=\"300\" height=\"169\" src=\"https:\/\/alandsacrylic.com\/wp-content\/uploads\/2025\/02\/acrylic-sheet-thick-300x169.webp\" class=\"attachment-medium size-medium wp-image-6376\" alt=\"chapa acr\u00edlica gruesa\" srcset=\"https:\/\/alandsacrylic.com\/wp-content\/uploads\/2025\/02\/acrylic-sheet-thick-300x169.webp 300w, https:\/\/alandsacrylic.com\/wp-content\/uploads\/2025\/02\/acrylic-sheet-thick-1024x578.webp 1024w, https:\/\/alandsacrylic.com\/wp-content\/uploads\/2025\/02\/acrylic-sheet-thick-768x433.webp 768w, https:\/\/alandsacrylic.com\/wp-content\/uploads\/2025\/02\/acrylic-sheet-thick-1536x867.webp 1536w, https:\/\/alandsacrylic.com\/wp-content\/uploads\/2025\/02\/acrylic-sheet-thick-600x339.webp 600w, https:\/\/alandsacrylic.com\/wp-content\/uploads\/2025\/02\/acrylic-sheet-thick.webp 1721w\" sizes=\"(max-width: 300px) 100vw, 300px\" \/>\t\t<\/div>\n\t\t\t\t<div class=\"elementor-portfolio-item__overlay\">\n\t\t\t\t<h3 class=\"elementor-portfolio-item__title\">\n\t\tL\u00e1mina acr\u00edlica de 4\u00d78\t\t<\/h3>\n\t\t\t\t<\/div>\n\t\t\t\t<\/a>\n\t\t<\/article>\n\t\t\t\t<article class=\"elementor-portfolio-item elementor-post  post-7506 post type-post status-publish format-standard has-post-thumbnail hentry category-news\" role=\"listitem\">\n\t\t\t<a class=\"elementor-post__thumbnail__link\" href=\"https:\/\/alandsacrylic.com\/es\/noticias\/laminas-acrilicas-transparentes-alands\/\">\n\t\t\t\t<div class=\"elementor-portfolio-item__img elementor-post__thumbnail\">\n\t\t\t<img loading=\"lazy\" decoding=\"async\" width=\"300\" height=\"169\" src=\"https:\/\/alandsacrylic.com\/wp-content\/uploads\/2025\/03\/acrylic-sheet-7-1-300x169.webp\" class=\"attachment-medium size-medium wp-image-7486\" alt=\"\" srcset=\"https:\/\/alandsacrylic.com\/wp-content\/uploads\/2025\/03\/acrylic-sheet-7-1-300x169.webp 300w, https:\/\/alandsacrylic.com\/wp-content\/uploads\/2025\/03\/acrylic-sheet-7-1-1024x578.webp 1024w, https:\/\/alandsacrylic.com\/wp-content\/uploads\/2025\/03\/acrylic-sheet-7-1-768x433.webp 768w, https:\/\/alandsacrylic.com\/wp-content\/uploads\/2025\/03\/acrylic-sheet-7-1-1536x867.webp 1536w, https:\/\/alandsacrylic.com\/wp-content\/uploads\/2025\/03\/acrylic-sheet-7-1-2048x1155.webp 2048w\" sizes=\"(max-width: 300px) 100vw, 300px\" \/>\t\t<\/div>\n\t\t\t\t<div class=\"elementor-portfolio-item__overlay\">\n\t\t\t\t<h3 class=\"elementor-portfolio-item__title\">\n\t\tPlanchas acr\u00edlicas transparentes Alands\t\t<\/h3>\n\t\t\t\t<\/div>\n\t\t\t\t<\/a>\n\t\t<\/article>\n\t\t\t\t<article class=\"elementor-portfolio-item elementor-post  post-7478 post type-post status-publish format-standard has-post-thumbnail hentry category-news\" role=\"listitem\">\n\t\t\t<a class=\"elementor-post__thumbnail__link\" href=\"https:\/\/alandsacrylic.com\/es\/noticias\/planchas-acrilicas-seis-propiedades-clave\/\">\n\t\t\t\t<div class=\"elementor-portfolio-item__img elementor-post__thumbnail\">\n\t\t\t<img loading=\"lazy\" decoding=\"async\" width=\"300\" height=\"169\" src=\"https:\/\/alandsacrylic.com\/wp-content\/uploads\/2025\/03\/acrylic-sheet-2-300x169.webp\" class=\"attachment-medium size-medium wp-image-7482\" alt=\"hoja acr\u00edlica\" srcset=\"https:\/\/alandsacrylic.com\/wp-content\/uploads\/2025\/03\/acrylic-sheet-2-300x169.webp 300w, https:\/\/alandsacrylic.com\/wp-content\/uploads\/2025\/03\/acrylic-sheet-2-1024x578.webp 1024w, https:\/\/alandsacrylic.com\/wp-content\/uploads\/2025\/03\/acrylic-sheet-2-768x433.webp 768w, https:\/\/alandsacrylic.com\/wp-content\/uploads\/2025\/03\/acrylic-sheet-2-1536x867.webp 1536w, https:\/\/alandsacrylic.com\/wp-content\/uploads\/2025\/03\/acrylic-sheet-2-2048x1156.webp 2048w\" sizes=\"(max-width: 300px) 100vw, 300px\" \/>\t\t<\/div>\n\t\t\t\t<div class=\"elementor-portfolio-item__overlay\">\n\t\t\t\t<h3 class=\"elementor-portfolio-item__title\">\n\t\tPlanchas acr\u00edlicas: Seis propiedades clave\t\t<\/h3>\n\t\t\t\t<\/div>\n\t\t\t\t<\/a>\n\t\t<\/article>\n\t\t\t\t<article class=\"elementor-portfolio-item elementor-post  post-7370 post type-post status-publish format-standard has-post-thumbnail hentry category-news\" role=\"listitem\">\n\t\t\t<a class=\"elementor-post__thumbnail__link\" href=\"https:\/\/alandsacrylic.com\/es\/noticias\/espejo-acrilico-2\/\">\n\t\t\t\t<div class=\"elementor-portfolio-item__img elementor-post__thumbnail\">\n\t\t\t<img loading=\"lazy\" decoding=\"async\" width=\"300\" height=\"300\" src=\"https:\/\/alandsacrylic.com\/wp-content\/uploads\/2025\/01\/Acrylic-Mirror-Sheets-3-300x300.webp\" class=\"attachment-medium size-medium wp-image-6283\" alt=\"L\u00e1minas acr\u00edlicas para espejos (3)\" srcset=\"https:\/\/alandsacrylic.com\/wp-content\/uploads\/2025\/01\/Acrylic-Mirror-Sheets-3-300x300.webp 300w, https:\/\/alandsacrylic.com\/wp-content\/uploads\/2025\/01\/Acrylic-Mirror-Sheets-3-1024x1024.webp 1024w, https:\/\/alandsacrylic.com\/wp-content\/uploads\/2025\/01\/Acrylic-Mirror-Sheets-3-150x150.webp 150w, https:\/\/alandsacrylic.com\/wp-content\/uploads\/2025\/01\/Acrylic-Mirror-Sheets-3-768x768.webp 768w, https:\/\/alandsacrylic.com\/wp-content\/uploads\/2025\/01\/Acrylic-Mirror-Sheets-3-600x600.webp 600w, https:\/\/alandsacrylic.com\/wp-content\/uploads\/2025\/01\/Acrylic-Mirror-Sheets-3-100x100.webp 100w, https:\/\/alandsacrylic.com\/wp-content\/uploads\/2025\/01\/elementor\/thumbs\/Acrylic-Mirror-Sheets-3-r09xu8dkggiubcwtbq3n52th3grser5e9omh85sjls.webp 800w, https:\/\/alandsacrylic.com\/wp-content\/uploads\/2025\/01\/Acrylic-Mirror-Sheets-3.webp 1080w\" sizes=\"(max-width: 300px) 100vw, 300px\" \/>\t\t<\/div>\n\t\t\t\t<div class=\"elementor-portfolio-item__overlay\">\n\t\t\t\t<h3 class=\"elementor-portfolio-item__title\">\n\t\tespejo acr\u00edlico\t\t<\/h3>\n\t\t\t\t<\/div>\n\t\t\t\t<\/a>\n\t\t<\/article>\n\t\t\t\t<article class=\"elementor-portfolio-item elementor-post  post-7191 post type-post status-publish format-standard has-post-thumbnail hentry category-news\" role=\"listitem\">\n\t\t\t<a class=\"elementor-post__thumbnail__link\" href=\"https:\/\/alandsacrylic.com\/es\/hoja-acrilica\/lamina-acrilica-de-color\/chapa-acrilica-bule-alands-chapa-grande-3mm-espesor-1-25m2-45m\/\">\n\t\t\t\t<div class=\"elementor-portfolio-item__img elementor-post__thumbnail\">\n\t\t\t<img loading=\"lazy\" decoding=\"async\" width=\"300\" height=\"300\" src=\"https:\/\/alandsacrylic.com\/wp-content\/uploads\/2024\/11\/Blue-acrylic-sheet-17-300x300.webp\" class=\"attachment-medium size-medium wp-image-3564\" alt=\"L\u00e1mina acr\u00edlica azul (17)\" srcset=\"https:\/\/alandsacrylic.com\/wp-content\/uploads\/2024\/11\/Blue-acrylic-sheet-17-300x300.webp 300w, https:\/\/alandsacrylic.com\/wp-content\/uploads\/2024\/11\/Blue-acrylic-sheet-17-150x150.webp 150w, https:\/\/alandsacrylic.com\/wp-content\/uploads\/2024\/11\/Blue-acrylic-sheet-17-768x768.webp 768w, https:\/\/alandsacrylic.com\/wp-content\/uploads\/2024\/11\/Blue-acrylic-sheet-17-600x600.webp 600w, https:\/\/alandsacrylic.com\/wp-content\/uploads\/2024\/11\/Blue-acrylic-sheet-17-100x100.webp 100w, https:\/\/alandsacrylic.com\/wp-content\/uploads\/2024\/11\/Blue-acrylic-sheet-17.webp 800w\" sizes=\"(max-width: 300px) 100vw, 300px\" \/>\t\t<\/div>\n\t\t\t\t<div class=\"elementor-portfolio-item__overlay\">\n\t\t\t\t<h3 class=\"elementor-portfolio-item__title\">\n\t\tbule hoja de acr\u00edlico alands hoja grande 3mm de espesor 1.25m*2.45m\t\t<\/h3>\n\t\t\t\t<\/div>\n\t\t\t\t<\/a>\n\t\t<\/article>\n\t\t\t\t<\/div>\n\t\t\t\t\t\t<\/div>\n\t\t\t\t<\/div>\n\t\t\t\t\t<\/div>\n\t\t\t\t<\/div>\n\t\t\t\t<\/div>","protected":false},"excerpt":{"rendered":"<p>What Thickness of Perspex Do I Need? When choosing a Perspex sheet (also known as acrylic), the right thickness depends on your specific project needs. Lightweight applications like poster frames, light diffusers, or protective covers typically require 2mm to 3mm thick sheets. These are easy to handle and cost-effective for indoor use. For projects where [&hellip;]<\/p>","protected":false},"author":1,"featured_media":8209,"comment_status":"open","ping_status":"open","sticky":false,"template":"","format":"standard","meta":{"footnotes":""},"categories":[1],"tags":[404],"class_list":["post-8741","post","type-post","status-publish","format-standard","has-post-thumbnail","hentry","category-news","tag-acrylic-sheet-faq"],"yoast_head":"<!-- This site is optimized with the Yoast SEO Premium plugin v23.6 (Yoast SEO v27.4) - https:\/\/yoast.com\/product\/yoast-seo-premium-wordpress\/ -->\n<title>What Thickness of Perspex Do I Need? - alandsacrylic<\/title>\n<meta name=\"robots\" content=\"index, follow, max-snippet:-1, max-image-preview:large, max-video-preview:-1\" \/>\n<link rel=\"canonical\" href=\"https:\/\/alandsacrylic.com\/es\/noticias\/que-grosor-de-metacrilato-necesito\/\" \/>\n<meta property=\"og:locale\" content=\"es_ES\" \/>\n<meta property=\"og:type\" content=\"article\" \/>\n<meta property=\"og:title\" content=\"What Thickness of Perspex Do I Need?\" \/>\n<meta property=\"og:description\" content=\"What Thickness of Perspex Do I Need? When choosing a Perspex sheet (also known as acrylic), the right thickness depends on your specific project needs. Lightweight applications like poster frames, light diffusers, or protective covers typically require 2mm to 3mm thick sheets. These are easy to handle and cost-effective for indoor use. For projects where [&hellip;]\" \/>\n<meta property=\"og:url\" content=\"https:\/\/alandsacrylic.com\/es\/noticias\/que-grosor-de-metacrilato-necesito\/\" \/>\n<meta property=\"og:site_name\" content=\"alandsacrylic\" \/>\n<meta property=\"article:published_time\" content=\"2025-04-18T08:50:13+00:00\" \/>\n<meta property=\"article:modified_time\" content=\"2026-01-28T01:18:47+00:00\" \/>\n<meta property=\"og:image\" content=\"https:\/\/alandsacrylic.com\/wp-content\/uploads\/2025\/03\/perspex-sheet-3-1.webp\" \/>\n\t<meta property=\"og:image:width\" content=\"1920\" \/>\n\t<meta property=\"og:image:height\" content=\"1239\" \/>\n\t<meta property=\"og:image:type\" content=\"image\/webp\" \/>\n<meta name=\"author\" content=\"Acrylic alands\" \/>\n<meta name=\"twitter:card\" content=\"summary_large_image\" \/>\n<meta name=\"twitter:label1\" content=\"Escrito por\" \/>\n\t<meta name=\"twitter:data1\" content=\"Acrylic alands\" \/>\n\t<meta name=\"twitter:label2\" content=\"Tiempo de lectura\" \/>\n\t<meta name=\"twitter:data2\" content=\"3 minutos\" \/>\n<script type=\"application\/ld+json\" class=\"yoast-schema-graph\">{\"@context\":\"https:\\\/\\\/schema.org\",\"@graph\":[{\"@type\":\"Article\",\"@id\":\"https:\\\/\\\/alandsacrylic.com\\\/es\\\/noticias\\\/que-grosor-de-metacrilato-necesito\\\/#article\",\"isPartOf\":{\"@id\":\"https:\\\/\\\/alandsacrylic.com\\\/es\\\/noticias\\\/que-grosor-de-metacrilato-necesito\\\/\"},\"author\":{\"name\":\"Acrylic alands\",\"@id\":\"https:\\\/\\\/alandsacrylic.com\\\/es\\\/#\\\/schema\\\/person\\\/b75d9a7785bb394d15057c4c00780257\"},\"headline\":\"What Thickness of Perspex Do I Need?\",\"datePublished\":\"2025-04-18T08:50:13+00:00\",\"dateModified\":\"2026-01-28T01:18:47+00:00\",\"mainEntityOfPage\":{\"@id\":\"https:\\\/\\\/alandsacrylic.com\\\/es\\\/noticias\\\/que-grosor-de-metacrilato-necesito\\\/\"},\"wordCount\":180,\"commentCount\":0,\"publisher\":{\"@id\":\"https:\\\/\\\/alandsacrylic.com\\\/es\\\/#organization\"},\"image\":{\"@id\":\"https:\\\/\\\/alandsacrylic.com\\\/es\\\/noticias\\\/que-grosor-de-metacrilato-necesito\\\/#primaryimage\"},\"thumbnailUrl\":\"https:\\\/\\\/alandsacrylic.com\\\/wp-content\\\/uploads\\\/2025\\\/03\\\/perspex-sheet-3-1.webp\",\"keywords\":[\"Acrylic Sheet FAQ\"],\"articleSection\":[\"news\"],\"inLanguage\":\"es\",\"potentialAction\":[{\"@type\":\"CommentAction\",\"name\":\"Comment\",\"target\":[\"https:\\\/\\\/alandsacrylic.com\\\/es\\\/noticias\\\/que-grosor-de-metacrilato-necesito\\\/#respond\"]}]},{\"@type\":\"WebPage\",\"@id\":\"https:\\\/\\\/alandsacrylic.com\\\/es\\\/noticias\\\/que-grosor-de-metacrilato-necesito\\\/\",\"url\":\"https:\\\/\\\/alandsacrylic.com\\\/es\\\/noticias\\\/que-grosor-de-metacrilato-necesito\\\/\",\"name\":\"What Thickness of Perspex Do I Need? - alandsacrylic\",\"isPartOf\":{\"@id\":\"https:\\\/\\\/alandsacrylic.com\\\/es\\\/#website\"},\"primaryImageOfPage\":{\"@id\":\"https:\\\/\\\/alandsacrylic.com\\\/es\\\/noticias\\\/que-grosor-de-metacrilato-necesito\\\/#primaryimage\"},\"image\":{\"@id\":\"https:\\\/\\\/alandsacrylic.com\\\/es\\\/noticias\\\/que-grosor-de-metacrilato-necesito\\\/#primaryimage\"},\"thumbnailUrl\":\"https:\\\/\\\/alandsacrylic.com\\\/wp-content\\\/uploads\\\/2025\\\/03\\\/perspex-sheet-3-1.webp\",\"datePublished\":\"2025-04-18T08:50:13+00:00\",\"dateModified\":\"2026-01-28T01:18:47+00:00\",\"breadcrumb\":{\"@id\":\"https:\\\/\\\/alandsacrylic.com\\\/es\\\/noticias\\\/que-grosor-de-metacrilato-necesito\\\/#breadcrumb\"},\"inLanguage\":\"es\",\"potentialAction\":[{\"@type\":\"ReadAction\",\"target\":[\"https:\\\/\\\/alandsacrylic.com\\\/es\\\/noticias\\\/que-grosor-de-metacrilato-necesito\\\/\"]}]},{\"@type\":\"ImageObject\",\"inLanguage\":\"es\",\"@id\":\"https:\\\/\\\/alandsacrylic.com\\\/es\\\/noticias\\\/que-grosor-de-metacrilato-necesito\\\/#primaryimage\",\"url\":\"https:\\\/\\\/alandsacrylic.com\\\/wp-content\\\/uploads\\\/2025\\\/03\\\/perspex-sheet-3-1.webp\",\"contentUrl\":\"https:\\\/\\\/alandsacrylic.com\\\/wp-content\\\/uploads\\\/2025\\\/03\\\/perspex-sheet-3-1.webp\",\"width\":1920,\"height\":1239},{\"@type\":\"BreadcrumbList\",\"@id\":\"https:\\\/\\\/alandsacrylic.com\\\/es\\\/noticias\\\/que-grosor-de-metacrilato-necesito\\\/#breadcrumb\",\"itemListElement\":[{\"@type\":\"ListItem\",\"position\":1,\"name\":\"Home\",\"item\":\"https:\\\/\\\/alandsacrylic.com\\\/\"},{\"@type\":\"ListItem\",\"position\":2,\"name\":\"news\",\"item\":\"https:\\\/\\\/alandsacrylic.com\\\/en\\\/news\\\/\"},{\"@type\":\"ListItem\",\"position\":3,\"name\":\"What Thickness of Perspex Do I Need?\"}]},{\"@type\":\"WebSite\",\"@id\":\"https:\\\/\\\/alandsacrylic.com\\\/es\\\/#website\",\"url\":\"https:\\\/\\\/alandsacrylic.com\\\/es\\\/\",\"name\":\"alandsacrylic\",\"description\":\"\",\"publisher\":{\"@id\":\"https:\\\/\\\/alandsacrylic.com\\\/es\\\/#organization\"},\"potentialAction\":[{\"@type\":\"SearchAction\",\"target\":{\"@type\":\"EntryPoint\",\"urlTemplate\":\"https:\\\/\\\/alandsacrylic.com\\\/es\\\/?s={search_term_string}\"},\"query-input\":{\"@type\":\"PropertyValueSpecification\",\"valueRequired\":true,\"valueName\":\"search_term_string\"}}],\"inLanguage\":\"es\"},{\"@type\":\"Organization\",\"@id\":\"https:\\\/\\\/alandsacrylic.com\\\/es\\\/#organization\",\"name\":\"alandsacrylic\",\"url\":\"https:\\\/\\\/alandsacrylic.com\\\/es\\\/\",\"logo\":{\"@type\":\"ImageObject\",\"inLanguage\":\"es\",\"@id\":\"https:\\\/\\\/alandsacrylic.com\\\/es\\\/#\\\/schema\\\/logo\\\/image\\\/\",\"url\":\"https:\\\/\\\/alandsacrylic.com\\\/wp-content\\\/uploads\\\/2024\\\/11\\\/alandsacrylic-logo-4.webp\",\"contentUrl\":\"https:\\\/\\\/alandsacrylic.com\\\/wp-content\\\/uploads\\\/2024\\\/11\\\/alandsacrylic-logo-4.webp\",\"width\":2072,\"height\":782,\"caption\":\"alandsacrylic\"},\"image\":{\"@id\":\"https:\\\/\\\/alandsacrylic.com\\\/es\\\/#\\\/schema\\\/logo\\\/image\\\/\"}},{\"@type\":\"Person\",\"@id\":\"https:\\\/\\\/alandsacrylic.com\\\/es\\\/#\\\/schema\\\/person\\\/b75d9a7785bb394d15057c4c00780257\",\"name\":\"Acrylic alands\",\"image\":{\"@type\":\"ImageObject\",\"inLanguage\":\"es\",\"@id\":\"https:\\\/\\\/alandsacrylic.com\\\/wp-content\\\/litespeed\\\/avatar\\\/747147b8308200af278c36ece5bc002d.jpg?ver=1776833266\",\"url\":\"https:\\\/\\\/alandsacrylic.com\\\/wp-content\\\/litespeed\\\/avatar\\\/747147b8308200af278c36ece5bc002d.jpg?ver=1776833266\",\"contentUrl\":\"https:\\\/\\\/alandsacrylic.com\\\/wp-content\\\/litespeed\\\/avatar\\\/747147b8308200af278c36ece5bc002d.jpg?ver=1776833266\",\"caption\":\"Acrylic alands\"},\"sameAs\":[\"https:\\\/\\\/alandsacrylic.com\"],\"url\":\"https:\\\/\\\/alandsacrylic.com\\\/es\\\/author\\\/qiny682\\\/\"}]}<\/script>\n<!-- \/ Yoast SEO Premium plugin. -->","yoast_head_json":{"title":"\u00bfQu\u00e9 grosor de metacrilato necesito? - alandsacr\u00edlico","robots":{"index":"index","follow":"follow","max-snippet":"max-snippet:-1","max-image-preview":"max-image-preview:large","max-video-preview":"max-video-preview:-1"},"canonical":"https:\/\/alandsacrylic.com\/es\/noticias\/que-grosor-de-metacrilato-necesito\/","og_locale":"es_ES","og_type":"article","og_title":"What Thickness of Perspex Do I Need?","og_description":"What Thickness of Perspex Do I Need? When choosing a Perspex sheet (also known as acrylic), the right thickness depends on your specific project needs. Lightweight applications like poster frames, light diffusers, or protective covers typically require 2mm to 3mm thick sheets. These are easy to handle and cost-effective for indoor use. For projects where [&hellip;]","og_url":"https:\/\/alandsacrylic.com\/es\/noticias\/que-grosor-de-metacrilato-necesito\/","og_site_name":"alandsacrylic","article_published_time":"2025-04-18T08:50:13+00:00","article_modified_time":"2026-01-28T01:18:47+00:00","og_image":[{"width":1920,"height":1239,"url":"https:\/\/alandsacrylic.com\/wp-content\/uploads\/2025\/03\/perspex-sheet-3-1.webp","type":"image\/webp"}],"author":"Acrylic alands","twitter_card":"summary_large_image","twitter_misc":{"Escrito por":"Acrylic alands","Tiempo de lectura":"3 minutos"},"schema":{"@context":"https:\/\/schema.org","@graph":[{"@type":"Article","@id":"https:\/\/alandsacrylic.com\/es\/noticias\/que-grosor-de-metacrilato-necesito\/#article","isPartOf":{"@id":"https:\/\/alandsacrylic.com\/es\/noticias\/que-grosor-de-metacrilato-necesito\/"},"author":{"name":"Acrylic alands","@id":"https:\/\/alandsacrylic.com\/es\/#\/schema\/person\/b75d9a7785bb394d15057c4c00780257"},"headline":"What Thickness of Perspex Do I Need?","datePublished":"2025-04-18T08:50:13+00:00","dateModified":"2026-01-28T01:18:47+00:00","mainEntityOfPage":{"@id":"https:\/\/alandsacrylic.com\/es\/noticias\/que-grosor-de-metacrilato-necesito\/"},"wordCount":180,"commentCount":0,"publisher":{"@id":"https:\/\/alandsacrylic.com\/es\/#organization"},"image":{"@id":"https:\/\/alandsacrylic.com\/es\/noticias\/que-grosor-de-metacrilato-necesito\/#primaryimage"},"thumbnailUrl":"https:\/\/alandsacrylic.com\/wp-content\/uploads\/2025\/03\/perspex-sheet-3-1.webp","keywords":["Acrylic Sheet FAQ"],"articleSection":["news"],"inLanguage":"es","potentialAction":[{"@type":"CommentAction","name":"Comment","target":["https:\/\/alandsacrylic.com\/es\/noticias\/que-grosor-de-metacrilato-necesito\/#respond"]}]},{"@type":"WebPage","@id":"https:\/\/alandsacrylic.com\/es\/noticias\/que-grosor-de-metacrilato-necesito\/","url":"https:\/\/alandsacrylic.com\/es\/noticias\/que-grosor-de-metacrilato-necesito\/","name":"\u00bfQu\u00e9 grosor de metacrilato necesito? - alandsacr\u00edlico","isPartOf":{"@id":"https:\/\/alandsacrylic.com\/es\/#website"},"primaryImageOfPage":{"@id":"https:\/\/alandsacrylic.com\/es\/noticias\/que-grosor-de-metacrilato-necesito\/#primaryimage"},"image":{"@id":"https:\/\/alandsacrylic.com\/es\/noticias\/que-grosor-de-metacrilato-necesito\/#primaryimage"},"thumbnailUrl":"https:\/\/alandsacrylic.com\/wp-content\/uploads\/2025\/03\/perspex-sheet-3-1.webp","datePublished":"2025-04-18T08:50:13+00:00","dateModified":"2026-01-28T01:18:47+00:00","breadcrumb":{"@id":"https:\/\/alandsacrylic.com\/es\/noticias\/que-grosor-de-metacrilato-necesito\/#breadcrumb"},"inLanguage":"es","potentialAction":[{"@type":"ReadAction","target":["https:\/\/alandsacrylic.com\/es\/noticias\/que-grosor-de-metacrilato-necesito\/"]}]},{"@type":"ImageObject","inLanguage":"es","@id":"https:\/\/alandsacrylic.com\/es\/noticias\/que-grosor-de-metacrilato-necesito\/#primaryimage","url":"https:\/\/alandsacrylic.com\/wp-content\/uploads\/2025\/03\/perspex-sheet-3-1.webp","contentUrl":"https:\/\/alandsacrylic.com\/wp-content\/uploads\/2025\/03\/perspex-sheet-3-1.webp","width":1920,"height":1239},{"@type":"BreadcrumbList","@id":"https:\/\/alandsacrylic.com\/es\/noticias\/que-grosor-de-metacrilato-necesito\/#breadcrumb","itemListElement":[{"@type":"ListItem","position":1,"name":"Home","item":"https:\/\/alandsacrylic.com\/"},{"@type":"ListItem","position":2,"name":"news","item":"https:\/\/alandsacrylic.com\/en\/news\/"},{"@type":"ListItem","position":3,"name":"What Thickness of Perspex Do I Need?"}]},{"@type":"WebSite","@id":"https:\/\/alandsacrylic.com\/es\/#website","url":"https:\/\/alandsacrylic.com\/es\/","name":"alandsacrylic","description":"","publisher":{"@id":"https:\/\/alandsacrylic.com\/es\/#organization"},"potentialAction":[{"@type":"SearchAction","target":{"@type":"EntryPoint","urlTemplate":"https:\/\/alandsacrylic.com\/es\/?s={search_term_string}"},"query-input":{"@type":"PropertyValueSpecification","valueRequired":true,"valueName":"search_term_string"}}],"inLanguage":"es"},{"@type":"Organization","@id":"https:\/\/alandsacrylic.com\/es\/#organization","name":"alandsacrylic","url":"https:\/\/alandsacrylic.com\/es\/","logo":{"@type":"ImageObject","inLanguage":"es","@id":"https:\/\/alandsacrylic.com\/es\/#\/schema\/logo\/image\/","url":"https:\/\/alandsacrylic.com\/wp-content\/uploads\/2024\/11\/alandsacrylic-logo-4.webp","contentUrl":"https:\/\/alandsacrylic.com\/wp-content\/uploads\/2024\/11\/alandsacrylic-logo-4.webp","width":2072,"height":782,"caption":"alandsacrylic"},"image":{"@id":"https:\/\/alandsacrylic.com\/es\/#\/schema\/logo\/image\/"}},{"@type":"Person","@id":"https:\/\/alandsacrylic.com\/es\/#\/schema\/person\/b75d9a7785bb394d15057c4c00780257","name":"Arenas acr\u00edlicas","image":{"@type":"ImageObject","inLanguage":"es","@id":"https:\/\/alandsacrylic.com\/wp-content\/litespeed\/avatar\/747147b8308200af278c36ece5bc002d.jpg?ver=1776833266","url":"https:\/\/alandsacrylic.com\/wp-content\/litespeed\/avatar\/747147b8308200af278c36ece5bc002d.jpg?ver=1776833266","contentUrl":"https:\/\/alandsacrylic.com\/wp-content\/litespeed\/avatar\/747147b8308200af278c36ece5bc002d.jpg?ver=1776833266","caption":"Acrylic alands"},"sameAs":["https:\/\/alandsacrylic.com"],"url":"https:\/\/alandsacrylic.com\/es\/author\/qiny682\/"}]}},"_links":{"self":[{"href":"https:\/\/alandsacrylic.com\/es\/wp-json\/wp\/v2\/posts\/8741","targetHints":{"allow":["GET"]}}],"collection":[{"href":"https:\/\/alandsacrylic.com\/es\/wp-json\/wp\/v2\/posts"}],"about":[{"href":"https:\/\/alandsacrylic.com\/es\/wp-json\/wp\/v2\/types\/post"}],"author":[{"embeddable":true,"href":"https:\/\/alandsacrylic.com\/es\/wp-json\/wp\/v2\/users\/1"}],"replies":[{"embeddable":true,"href":"https:\/\/alandsacrylic.com\/es\/wp-json\/wp\/v2\/comments?post=8741"}],"version-history":[{"count":3,"href":"https:\/\/alandsacrylic.com\/es\/wp-json\/wp\/v2\/posts\/8741\/revisions"}],"predecessor-version":[{"id":14104,"href":"https:\/\/alandsacrylic.com\/es\/wp-json\/wp\/v2\/posts\/8741\/revisions\/14104"}],"wp:featuredmedia":[{"embeddable":true,"href":"https:\/\/alandsacrylic.com\/es\/wp-json\/wp\/v2\/media\/8209"}],"wp:attachment":[{"href":"https:\/\/alandsacrylic.com\/es\/wp-json\/wp\/v2\/media?parent=8741"}],"wp:term":[{"taxonomy":"category","embeddable":true,"href":"https:\/\/alandsacrylic.com\/es\/wp-json\/wp\/v2\/categories?post=8741"},{"taxonomy":"post_tag","embeddable":true,"href":"https:\/\/alandsacrylic.com\/es\/wp-json\/wp\/v2\/tags?post=8741"}],"curies":[{"name":"wp","href":"https:\/\/api.w.org\/{rel}","templated":true}]}}