{"id":13440,"date":"2026-01-06T03:07:17","date_gmt":"2026-01-06T03:07:17","guid":{"rendered":"https:\/\/alandsacrylic.com\/?p=13440"},"modified":"2026-01-27T07:46:52","modified_gmt":"2026-01-27T07:46:52","slug":"proyecto-de-exportacion-de-contenedores-completos-de-chapa-acrilica-de-brasil","status":"publish","type":"post","link":"https:\/\/alandsacrylic.com\/es\/noticias\/proyecto-de-exportacion-de-contenedores-completos-de-chapa-acrilica-de-brasil\/","title":{"rendered":"Proyecto de exportaci\u00f3n de contenedores llenos de l\u00e1minas acr\u00edlicas de Brasil"},"content":{"rendered":"<div data-elementor-type=\"wp-post\" data-elementor-id=\"13440\" class=\"elementor elementor-13440\" data-elementor-post-type=\"post\">\n\t\t\t\t<div class=\"elementor-element elementor-element-76551535 e-flex e-con-boxed e-con e-parent\" data-id=\"76551535\" data-element_type=\"container\" data-e-type=\"container\">\n\t\t\t\t\t<div class=\"e-con-inner\">\n\t\t\t\t<div class=\"elementor-element elementor-element-713c6e2f elementor-widget elementor-widget-heading\" data-id=\"713c6e2f\" data-element_type=\"widget\" data-e-type=\"widget\" data-widget_type=\"heading.default\">\n\t\t\t\t<div class=\"elementor-widget-container\">\n\t\t\t\t\t<h2 class=\"elementor-heading-title elementor-size-default\">Brasil Proyecto Case\uff5cAcrylic Sheet Full Container Export<\/h2>\t\t\t\t<\/div>\n\t\t\t\t<\/div>\n\t\t\t\t\t<\/div>\n\t\t\t\t<\/div>\n\t\t<div class=\"elementor-element elementor-element-7da5ca96 e-flex e-con-boxed e-con e-parent\" data-id=\"7da5ca96\" data-element_type=\"container\" data-e-type=\"container\">\n\t\t\t\t\t<div class=\"e-con-inner\">\n\t\t\t\t<div class=\"elementor-element elementor-element-3996e0c elementor-widget elementor-widget-text-editor\" data-id=\"3996e0c\" data-element_type=\"widget\" data-e-type=\"widget\" data-widget_type=\"text-editor.default\">\n\t\t\t\t<div class=\"elementor-widget-container\">\n\t\t\t\t\t\t\t\t\t<p data-start=\"102\" data-end=\"437\">Este proyecto documenta una <strong data-start=\"127\" data-end=\"182\">env\u00edo de contenedores completos de planchas acr\u00edlicas a Brasil<\/strong>, completados con arreglo a los procedimientos est\u00e1ndar de exportaci\u00f3n. Los productos se suministran principalmente para <strong data-start=\"265\" data-end=\"366\">se\u00f1alizaci\u00f3n publicitaria, fabricaci\u00f3n de expositores, mobiliario comercial y aplicaciones decorativas interiores<\/strong>, apoyando a los transformadores y distribuidores locales en el mercado brasile\u00f1o.<\/p><p data-start=\"439\" data-end=\"670\">Desde la producci\u00f3n hasta la carga de contenedores, el pedido refleja nuestra capacidad en <strong data-start=\"514\" data-end=\"608\">fabricaci\u00f3n de l\u00e1minas acr\u00edlicas de gran volumen, control de calidad estable y embalaje para exportaci\u00f3n<\/strong>, garantizando una entrega segura para el transporte mar\u00edtimo de larga distancia.<\/p><p data-start=\"439\" data-end=\"670\"><img fetchpriority=\"high\" decoding=\"async\" class=\"aligncenter wp-image-13444 size-full\" src=\"https:\/\/alandsacrylic.com\/wp-content\/uploads\/2026\/01\/Brazil-Acrylic-Sheet-Full-Container-Export-Project-1.webp\" alt=\"\" width=\"1500\" height=\"970\" srcset=\"https:\/\/alandsacrylic.com\/wp-content\/uploads\/2026\/01\/Brazil-Acrylic-Sheet-Full-Container-Export-Project-1.webp 1500w, https:\/\/alandsacrylic.com\/wp-content\/uploads\/2026\/01\/Brazil-Acrylic-Sheet-Full-Container-Export-Project-1-300x194.webp 300w, https:\/\/alandsacrylic.com\/wp-content\/uploads\/2026\/01\/Brazil-Acrylic-Sheet-Full-Container-Export-Project-1-1024x662.webp 1024w, https:\/\/alandsacrylic.com\/wp-content\/uploads\/2026\/01\/Brazil-Acrylic-Sheet-Full-Container-Export-Project-1-768x497.webp 768w\" sizes=\"(max-width: 1500px) 100vw, 1500px\" \/><\/p><h3 data-start=\"672\" data-end=\"691\"><strong>Resumen del proyecto<\/strong><\/h3><ul data-start=\"693\" data-end=\"1003\"><li data-start=\"693\" data-end=\"720\"><p data-start=\"695\" data-end=\"720\"><strong data-start=\"695\" data-end=\"710\">Destino<\/strong>: Brasil<\/p><\/li><li data-start=\"721\" data-end=\"769\"><p data-start=\"723\" data-end=\"769\"><strong data-start=\"723\" data-end=\"740\">Tipo de env\u00edo<\/strong>: Contenedor completo (FCL)<\/p><\/li><li data-start=\"770\" data-end=\"800\"><p data-start=\"772\" data-end=\"800\"><strong data-start=\"772\" data-end=\"783\">Producto<\/strong>: L\u00e1mina acr\u00edlica<\/p><\/li><li data-start=\"801\" data-end=\"901\"><p data-start=\"803\" data-end=\"901\"><strong data-start=\"803\" data-end=\"819\">Aplicaciones<\/strong>: R\u00f3tulos publicitarios, paneles de exposici\u00f3n, productos de corte por l\u00e1ser, decoraci\u00f3n de interiores<\/p><\/li><li data-start=\"902\" data-end=\"1003\"><p data-start=\"904\" data-end=\"1003\"><strong data-start=\"904\" data-end=\"925\">Servicios incluidos<\/strong>: Fabricaci\u00f3n, inspecci\u00f3n, embalaje, carga de contenedores, coordinaci\u00f3n de exportaciones<\/p><\/li><\/ul><p data-start=\"1005\" data-end=\"1164\">Todas las planchas acr\u00edlicas se produjeron y embalaron de acuerdo con las normas de exportaci\u00f3n, lo que permiti\u00f3 un despacho de aduanas sin problemas y un procesamiento posterior eficiente tras la llegada.<\/p><h3 data-start=\"1166\" data-end=\"1219\"><strong><a href=\"https:\/\/alandsacrylic.com\/es\/hoja-acrilica\/lamina-acrilica-de-color\/\"><span style=\"color: #ff0000;\">L\u00e1mina acr\u00edlica<\/span><\/a> Especificaciones (par\u00e1metros est\u00e1ndar)<\/strong><\/h3><ul data-start=\"1221\" data-end=\"1664\"><li data-start=\"1221\" data-end=\"1248\"><p data-start=\"1223\" data-end=\"1248\"><strong data-start=\"1223\" data-end=\"1235\">Material<\/strong>: 100% PMMA<\/p><\/li><li data-start=\"1249\" data-end=\"1289\"><p data-start=\"1251\" data-end=\"1289\"><strong data-start=\"1251\" data-end=\"1273\">Proceso de producci\u00f3n<\/strong>: Acr\u00edlico moldeado<\/p><\/li><li data-start=\"1290\" data-end=\"1372\"><p data-start=\"1292\" data-end=\"1372\"><strong data-start=\"1292\" data-end=\"1312\">Espesor com\u00fan<\/strong>: 1,8 mm \/ 2 mm \/ 3 mm \/ 4 mm \/ 5 mm \/ 8 mm \/ 10 mm \/ 15 mm \/ 20 mm<\/p><\/li><li data-start=\"1373\" data-end=\"1419\"><p data-start=\"1375\" data-end=\"1419\"><strong data-start=\"1375\" data-end=\"1392\">Tama\u00f1o est\u00e1ndar<\/strong>: 1220 \u00d7 2440 mm (4\u00d78 pies)<\/p><\/li><li data-start=\"1420\" data-end=\"1487\"><p data-start=\"1422\" data-end=\"1487\"><strong data-start=\"1422\" data-end=\"1439\">Opciones de color<\/strong>: Transparente, blanco, negro, colores personalizados disponibles<\/p><\/li><li data-start=\"1488\" data-end=\"1526\"><p data-start=\"1490\" data-end=\"1526\"><strong data-start=\"1490\" data-end=\"1513\">Transmitancia luminosa<\/strong>: Hasta 92%<\/p><\/li><li data-start=\"1527\" data-end=\"1613\"><p data-start=\"1529\" data-end=\"1613\"><strong data-start=\"1529\" data-end=\"1557\">Compatibilidad de procesamiento<\/strong>: Corte por l\u00e1ser, fresado CNC, grabado, termoformado<\/p><\/li><li data-start=\"1614\" data-end=\"1664\"><p data-start=\"1616\" data-end=\"1664\"><strong data-start=\"1616\" data-end=\"1638\">Protecci\u00f3n de superficies<\/strong>: Pel\u00edcula de PE o papel kraft<\/p><\/li><\/ul><p data-start=\"1666\" data-end=\"1767\">Estas especificaciones responden a los requisitos habituales de los rotulistas y talleres de fabricaci\u00f3n brasile\u00f1os.<\/p>\t\t\t\t\t\t\t\t<\/div>\n\t\t\t\t<\/div>\n\t\t\t\t<div class=\"elementor-element elementor-element-95a6aa9 elementor-grid-4 elementor-grid-tablet-2 elementor-grid-mobile-1 elementor-widget elementor-widget-portfolio\" data-id=\"95a6aa9\" data-element_type=\"widget\" data-e-type=\"widget\" data-settings=\"{&quot;columns&quot;:&quot;4&quot;,&quot;item_ratio&quot;:{&quot;unit&quot;:&quot;px&quot;,&quot;size&quot;:1,&quot;sizes&quot;:[]},&quot;row_gap&quot;:{&quot;unit&quot;:&quot;px&quot;,&quot;size&quot;:10,&quot;sizes&quot;:[]},&quot;columns_tablet&quot;:&quot;2&quot;,&quot;columns_mobile&quot;:&quot;1&quot;,&quot;item_gap&quot;:{&quot;unit&quot;:&quot;px&quot;,&quot;size&quot;:&quot;&quot;,&quot;sizes&quot;:[]}}\" data-widget_type=\"portfolio.default\">\n\t\t\t\t<div class=\"elementor-widget-container\">\n\t\t\t\t\t\t\t<div class=\"elementor-portfolio elementor-grid elementor-posts-container\" role=\"list\">\n\t\t\t\t<article class=\"elementor-portfolio-item elementor-post  post-10875 post type-post status-publish format-standard has-post-thumbnail hentry category-color-acrylic-sheet\" role=\"listitem\">\n\t\t\t<a class=\"elementor-post__thumbnail__link\" href=\"https:\/\/alandsacrylic.com\/es\/hoja-acrilica\/lamina-acrilica-de-color\/lamina-acrilica-verde-fluorescente\/\">\n\t\t\t\t<div class=\"elementor-portfolio-item__img elementor-post__thumbnail\">\n\t\t\t<img decoding=\"async\" width=\"800\" height=\"800\" src=\"https:\/\/alandsacrylic.com\/wp-content\/uploads\/2025\/08\/Fluorescent-Green-Acrylic-Sheet-3.webp\" class=\"attachment-1536x1536 size-1536x1536 wp-image-10791\" alt=\"\" srcset=\"https:\/\/alandsacrylic.com\/wp-content\/uploads\/2025\/08\/Fluorescent-Green-Acrylic-Sheet-3.webp 800w, https:\/\/alandsacrylic.com\/wp-content\/uploads\/2025\/08\/Fluorescent-Green-Acrylic-Sheet-3-300x300.webp 300w, https:\/\/alandsacrylic.com\/wp-content\/uploads\/2025\/08\/Fluorescent-Green-Acrylic-Sheet-3-150x150.webp 150w, https:\/\/alandsacrylic.com\/wp-content\/uploads\/2025\/08\/Fluorescent-Green-Acrylic-Sheet-3-768x768.webp 768w\" sizes=\"(max-width: 800px) 100vw, 800px\" \/>\t\t<\/div>\n\t\t\t\t<div class=\"elementor-portfolio-item__overlay\">\n\t\t\t\t<h3 class=\"elementor-portfolio-item__title\">\n\t\tHoja acr\u00edlica verde fluorescente 1220\u00d72440\t\t<\/h3>\n\t\t\t\t<\/div>\n\t\t\t\t<\/a>\n\t\t<\/article>\n\t\t\t\t<article class=\"elementor-portfolio-item elementor-post  post-10847 post type-post status-publish format-standard has-post-thumbnail hentry category-color-acrylic-sheet\" role=\"listitem\">\n\t\t\t<a class=\"elementor-post__thumbnail__link\" href=\"https:\/\/alandsacrylic.com\/es\/hoja-acrilica\/lamina-acrilica-de-color\/chapa-acrilica-verde\/\">\n\t\t\t\t<div class=\"elementor-portfolio-item__img elementor-post__thumbnail\">\n\t\t\t<img decoding=\"async\" width=\"800\" height=\"800\" src=\"https:\/\/alandsacrylic.com\/wp-content\/uploads\/2025\/08\/Green-Acrylic-Sheet-5.webp\" class=\"attachment-1536x1536 size-1536x1536 wp-image-10688\" alt=\"\" srcset=\"https:\/\/alandsacrylic.com\/wp-content\/uploads\/2025\/08\/Green-Acrylic-Sheet-5.webp 800w, https:\/\/alandsacrylic.com\/wp-content\/uploads\/2025\/08\/Green-Acrylic-Sheet-5-300x300.webp 300w, https:\/\/alandsacrylic.com\/wp-content\/uploads\/2025\/08\/Green-Acrylic-Sheet-5-150x150.webp 150w, https:\/\/alandsacrylic.com\/wp-content\/uploads\/2025\/08\/Green-Acrylic-Sheet-5-768x768.webp 768w\" sizes=\"(max-width: 800px) 100vw, 800px\" \/>\t\t<\/div>\n\t\t\t\t<div class=\"elementor-portfolio-item__overlay\">\n\t\t\t\t<h3 class=\"elementor-portfolio-item__title\">\n\t\tHoja acr\u00edlica verde 1220\u00d72440\t\t<\/h3>\n\t\t\t\t<\/div>\n\t\t\t\t<\/a>\n\t\t<\/article>\n\t\t\t\t<article class=\"elementor-portfolio-item elementor-post  post-8302 post type-post status-publish format-standard has-post-thumbnail hentry category-clear-acrylic-sheet\" role=\"listitem\">\n\t\t\t<a class=\"elementor-post__thumbnail__link\" href=\"https:\/\/alandsacrylic.com\/es\/hoja-acrilica\/lamina-acrilica-transparente\/lamina-de-metacrilato-de-10-mm\/\">\n\t\t\t\t<div class=\"elementor-portfolio-item__img elementor-post__thumbnail\">\n\t\t\t<img loading=\"lazy\" decoding=\"async\" width=\"800\" height=\"800\" src=\"https:\/\/alandsacrylic.com\/wp-content\/uploads\/2026\/01\/10mm-perspex-sheet-2.webp\" class=\"attachment-1536x1536 size-1536x1536 wp-image-14341\" alt=\"\" srcset=\"https:\/\/alandsacrylic.com\/wp-content\/uploads\/2026\/01\/10mm-perspex-sheet-2.webp 800w, https:\/\/alandsacrylic.com\/wp-content\/uploads\/2026\/01\/10mm-perspex-sheet-2-300x300.webp 300w, https:\/\/alandsacrylic.com\/wp-content\/uploads\/2026\/01\/10mm-perspex-sheet-2-150x150.webp 150w, https:\/\/alandsacrylic.com\/wp-content\/uploads\/2026\/01\/10mm-perspex-sheet-2-768x768.webp 768w, https:\/\/alandsacrylic.com\/wp-content\/uploads\/2026\/01\/10mm-perspex-sheet-2-12x12.webp 12w\" sizes=\"(max-width: 800px) 100vw, 800px\" \/>\t\t<\/div>\n\t\t\t\t<div class=\"elementor-portfolio-item__overlay\">\n\t\t\t\t<h3 class=\"elementor-portfolio-item__title\">\n\t\tL\u00e1mina de metacrilato de 10 mm\t\t<\/h3>\n\t\t\t\t<\/div>\n\t\t\t\t<\/a>\n\t\t<\/article>\n\t\t\t\t<article class=\"elementor-portfolio-item elementor-post  post-8231 post type-post status-publish format-standard has-post-thumbnail hentry category-clear-acrylic-sheet\" role=\"listitem\">\n\t\t\t<a class=\"elementor-post__thumbnail__link\" href=\"https:\/\/alandsacrylic.com\/es\/hoja-acrilica\/lamina-acrilica-transparente\/lamina-de-metacrilato-de-3-mm\/\">\n\t\t\t\t<div class=\"elementor-portfolio-item__img elementor-post__thumbnail\">\n\t\t\t<img loading=\"lazy\" decoding=\"async\" width=\"640\" height=\"640\" src=\"https:\/\/alandsacrylic.com\/wp-content\/uploads\/2026\/01\/3mm-perspex-sheet-8.webp\" class=\"attachment-1536x1536 size-1536x1536 wp-image-14294\" alt=\"\" srcset=\"https:\/\/alandsacrylic.com\/wp-content\/uploads\/2026\/01\/3mm-perspex-sheet-8.webp 640w, https:\/\/alandsacrylic.com\/wp-content\/uploads\/2026\/01\/3mm-perspex-sheet-8-300x300.webp 300w, https:\/\/alandsacrylic.com\/wp-content\/uploads\/2026\/01\/3mm-perspex-sheet-8-150x150.webp 150w, https:\/\/alandsacrylic.com\/wp-content\/uploads\/2026\/01\/3mm-perspex-sheet-8-12x12.webp 12w\" sizes=\"(max-width: 640px) 100vw, 640px\" \/>\t\t<\/div>\n\t\t\t\t<div class=\"elementor-portfolio-item__overlay\">\n\t\t\t\t<h3 class=\"elementor-portfolio-item__title\">\n\t\tL\u00e1mina de metacrilato de 3 mm\t\t<\/h3>\n\t\t\t\t<\/div>\n\t\t\t\t<\/a>\n\t\t<\/article>\n\t\t\t\t<article class=\"elementor-portfolio-item elementor-post  post-7902 post type-post status-publish format-standard has-post-thumbnail hentry category-color-acrylic-sheet\" role=\"listitem\">\n\t\t\t<a class=\"elementor-post__thumbnail__link\" href=\"https:\/\/alandsacrylic.com\/es\/hoja-acrilica\/lamina-acrilica-de-color\/placa-de-plexiglas-blanco\/\">\n\t\t\t\t<div class=\"elementor-portfolio-item__img elementor-post__thumbnail\">\n\t\t\t<img loading=\"lazy\" decoding=\"async\" width=\"800\" height=\"800\" src=\"https:\/\/alandsacrylic.com\/wp-content\/uploads\/2024\/12\/White-acrylic-sheet-7.webp\" class=\"attachment-1536x1536 size-1536x1536 wp-image-5761\" alt=\"Plancha acr\u00edlica blanca (7)\" srcset=\"https:\/\/alandsacrylic.com\/wp-content\/uploads\/2024\/12\/White-acrylic-sheet-7.webp 800w, https:\/\/alandsacrylic.com\/wp-content\/uploads\/2024\/12\/White-acrylic-sheet-7-300x300.webp 300w, https:\/\/alandsacrylic.com\/wp-content\/uploads\/2024\/12\/White-acrylic-sheet-7-150x150.webp 150w, https:\/\/alandsacrylic.com\/wp-content\/uploads\/2024\/12\/White-acrylic-sheet-7-768x768.webp 768w, https:\/\/alandsacrylic.com\/wp-content\/uploads\/2024\/12\/White-acrylic-sheet-7-600x600.webp 600w, https:\/\/alandsacrylic.com\/wp-content\/uploads\/2024\/12\/White-acrylic-sheet-7-100x100.webp 100w\" sizes=\"(max-width: 800px) 100vw, 800px\" \/>\t\t<\/div>\n\t\t\t\t<div class=\"elementor-portfolio-item__overlay\">\n\t\t\t\t<h3 class=\"elementor-portfolio-item__title\">\n\t\tplaca de plexigl\u00e1s blanco\t\t<\/h3>\n\t\t\t\t<\/div>\n\t\t\t\t<\/a>\n\t\t<\/article>\n\t\t\t\t<article class=\"elementor-portfolio-item elementor-post  post-7886 post type-post status-publish format-standard has-post-thumbnail hentry category-color-acrylic-sheet\" role=\"listitem\">\n\t\t\t<a class=\"elementor-post__thumbnail__link\" href=\"https:\/\/alandsacrylic.com\/es\/hoja-acrilica\/lamina-acrilica-de-color\/lamina-de-metacrilato-negro\/\">\n\t\t\t\t<div class=\"elementor-portfolio-item__img elementor-post__thumbnail\">\n\t\t\t<img loading=\"lazy\" decoding=\"async\" width=\"800\" height=\"800\" src=\"https:\/\/alandsacrylic.com\/wp-content\/uploads\/2024\/11\/Acrylic-plexiglass-sheet-274.webp\" class=\"attachment-1536x1536 size-1536x1536 wp-image-4835\" alt=\"Placa de plexigl\u00e1s acr\u00edlico (274)\" srcset=\"https:\/\/alandsacrylic.com\/wp-content\/uploads\/2024\/11\/Acrylic-plexiglass-sheet-274.webp 800w, https:\/\/alandsacrylic.com\/wp-content\/uploads\/2024\/11\/Acrylic-plexiglass-sheet-274-300x300.webp 300w, https:\/\/alandsacrylic.com\/wp-content\/uploads\/2024\/11\/Acrylic-plexiglass-sheet-274-150x150.webp 150w, https:\/\/alandsacrylic.com\/wp-content\/uploads\/2024\/11\/Acrylic-plexiglass-sheet-274-768x768.webp 768w, https:\/\/alandsacrylic.com\/wp-content\/uploads\/2024\/11\/Acrylic-plexiglass-sheet-274-600x600.webp 600w, https:\/\/alandsacrylic.com\/wp-content\/uploads\/2024\/11\/Acrylic-plexiglass-sheet-274-100x100.webp 100w\" sizes=\"(max-width: 800px) 100vw, 800px\" \/>\t\t<\/div>\n\t\t\t\t<div class=\"elementor-portfolio-item__overlay\">\n\t\t\t\t<h3 class=\"elementor-portfolio-item__title\">\n\t\tl\u00e1mina de metacrilato negro\t\t<\/h3>\n\t\t\t\t<\/div>\n\t\t\t\t<\/a>\n\t\t<\/article>\n\t\t\t\t<article class=\"elementor-portfolio-item elementor-post  post-7865 post type-post status-publish format-standard has-post-thumbnail hentry category-clear-acrylic-sheet\" role=\"listitem\">\n\t\t\t<a class=\"elementor-post__thumbnail__link\" href=\"https:\/\/alandsacrylic.com\/es\/hoja-acrilica\/lamina-acrilica-transparente\/placas-de-plexiglas-transparente\/\">\n\t\t\t\t<div class=\"elementor-portfolio-item__img elementor-post__thumbnail\">\n\t\t\t<img loading=\"lazy\" decoding=\"async\" width=\"800\" height=\"800\" src=\"https:\/\/alandsacrylic.com\/wp-content\/uploads\/2024\/10\/clear-acrylic-sheet-image-02.webp\" class=\"attachment-1536x1536 size-1536x1536 wp-image-2870\" alt=\"&quot;L\u00e1mina de vidrio acr\u00edlico transparente para usos industriales y comerciales&quot;.\" srcset=\"https:\/\/alandsacrylic.com\/wp-content\/uploads\/2024\/10\/clear-acrylic-sheet-image-02.webp 800w, https:\/\/alandsacrylic.com\/wp-content\/uploads\/2024\/10\/clear-acrylic-sheet-image-02-300x300.webp 300w, https:\/\/alandsacrylic.com\/wp-content\/uploads\/2024\/10\/clear-acrylic-sheet-image-02-150x150.webp 150w, https:\/\/alandsacrylic.com\/wp-content\/uploads\/2024\/10\/clear-acrylic-sheet-image-02-768x768.webp 768w, https:\/\/alandsacrylic.com\/wp-content\/uploads\/2024\/10\/clear-acrylic-sheet-image-02-600x600.webp 600w, https:\/\/alandsacrylic.com\/wp-content\/uploads\/2024\/10\/clear-acrylic-sheet-image-02-100x100.webp 100w\" sizes=\"(max-width: 800px) 100vw, 800px\" \/>\t\t<\/div>\n\t\t\t\t<div class=\"elementor-portfolio-item__overlay\">\n\t\t\t\t<h3 class=\"elementor-portfolio-item__title\">\n\t\tHojas de metacrilato transparente\t\t<\/h3>\n\t\t\t\t<\/div>\n\t\t\t\t<\/a>\n\t\t<\/article>\n\t\t\t\t<article class=\"elementor-portfolio-item elementor-post  post-7122 post type-post status-publish format-standard has-post-thumbnail hentry category-color-acrylic-sheet\" role=\"listitem\">\n\t\t\t<a class=\"elementor-post__thumbnail__link\" href=\"https:\/\/alandsacrylic.com\/es\/hoja-acrilica\/lamina-acrilica-de-color\/plexiglas-naranja\/\">\n\t\t\t\t<div class=\"elementor-portfolio-item__img elementor-post__thumbnail\">\n\t\t\t<img loading=\"lazy\" decoding=\"async\" width=\"800\" height=\"800\" src=\"https:\/\/alandsacrylic.com\/wp-content\/uploads\/2024\/11\/Orange-acrylic-sheet-15.webp\" class=\"attachment-1536x1536 size-1536x1536 wp-image-3572\" alt=\"L\u00e1mina acr\u00edlica naranja (15)\" srcset=\"https:\/\/alandsacrylic.com\/wp-content\/uploads\/2024\/11\/Orange-acrylic-sheet-15.webp 800w, https:\/\/alandsacrylic.com\/wp-content\/uploads\/2024\/11\/Orange-acrylic-sheet-15-300x300.webp 300w, https:\/\/alandsacrylic.com\/wp-content\/uploads\/2024\/11\/Orange-acrylic-sheet-15-150x150.webp 150w, https:\/\/alandsacrylic.com\/wp-content\/uploads\/2024\/11\/Orange-acrylic-sheet-15-768x768.webp 768w, https:\/\/alandsacrylic.com\/wp-content\/uploads\/2024\/11\/Orange-acrylic-sheet-15-600x600.webp 600w, https:\/\/alandsacrylic.com\/wp-content\/uploads\/2024\/11\/Orange-acrylic-sheet-15-100x100.webp 100w\" sizes=\"(max-width: 800px) 100vw, 800px\" \/>\t\t<\/div>\n\t\t\t\t<div class=\"elementor-portfolio-item__overlay\">\n\t\t\t\t<h3 class=\"elementor-portfolio-item__title\">\n\t\thoja de plexigl\u00e1s naranja\t\t<\/h3>\n\t\t\t\t<\/div>\n\t\t\t\t<\/a>\n\t\t<\/article>\n\t\t\t\t<\/div>\n\t\t\t\t\t\t<\/div>\n\t\t\t\t<\/div>\n\t\t\t\t<div class=\"elementor-element elementor-element-30affc05 elementor-widget elementor-widget-text-editor\" data-id=\"30affc05\" data-element_type=\"widget\" data-e-type=\"widget\" data-widget_type=\"text-editor.default\">\n\t\t\t\t<div class=\"elementor-widget-container\">\n\t\t\t\t\t\t\t\t\t<h3 data-start=\"1769\" data-end=\"1801\"><strong>Embalaje y carga de contenedores<\/strong><\/h3><p data-start=\"1803\" data-end=\"2159\">Para este pedido de Brasil se utilizaron planchas acr\u00edlicas <strong data-start=\"1846\" data-end=\"1887\">clasificados por grosor y especificaci\u00f3n<\/strong>apiladas en pal\u00e9s y reforzadas con capas protectoras. Se aplicaron film estirable y flejes para evitar desplazamientos durante el tr\u00e1nsito. El interior del contenedor se fij\u00f3 para mantener la estabilidad durante el transporte mar\u00edtimo, reduciendo el riesgo de da\u00f1os en los bordes o abrasi\u00f3n de la superficie.<\/p><p data-start=\"2161\" data-end=\"2269\">Un etiquetado claro en cada pal\u00e9 ayuda a los clientes a identificar r\u00e1pidamente las especificaciones y cantidades en el momento de la descarga.<\/p><h3 data-start=\"2271\" data-end=\"2310\"><strong>Control de calidad y ejecuci\u00f3n de exportaciones<\/strong><\/h3><p data-start=\"2312\" data-end=\"2618\">Antes del env\u00edo, cada lote se someti\u00f3 a verificaci\u00f3n de espesor, inspecci\u00f3n de superficie y comprobaci\u00f3n de cantidades. La carga de los contenedores se supervis\u00f3 in situ para garantizar su correcta colocaci\u00f3n y el equilibrio estructural. Este proceso ayuda a mantener una calidad constante y reduce los riesgos asociados al transporte a larga distancia.<\/p><h3 data-start=\"2620\" data-end=\"2654\"><strong>Apoyo al mercado brasile\u00f1o<\/strong><\/h3><p data-start=\"2656\" data-end=\"3039\">Brasil es un mercado clave para las planchas acr\u00edlicas utilizadas en <strong data-start=\"2706\" data-end=\"2762\">proyectos publicitarios, de exposici\u00f3n al por menor y comerciales<\/strong>donde los compradores valoran <strong data-start=\"2783\" data-end=\"2856\">calidad estable, grosor constante y plazos de entrega fiables<\/strong>. Con una larga experiencia de exportaci\u00f3n a Am\u00e9rica del Sur, proporcionamos <strong data-start=\"2920\" data-end=\"3011\">especificaciones flexibles, producci\u00f3n estable y plazos de entrega fiables<\/strong> adaptados a las necesidades regionales.<\/p><h3 data-start=\"3041\" data-end=\"3059\"><strong>Resumen del proyecto<\/strong><\/h3><p data-start=\"3061\" data-end=\"3394\">Este env\u00edo de l\u00e1minas acr\u00edlicas a Brasil demuestra nuestra fortaleza en <strong data-start=\"3125\" data-end=\"3224\">suministro de contenedores completos para exportaci\u00f3n, sistemas de embalaje estandarizados y capacidad de producci\u00f3n a gran escala<\/strong>. Para los clientes que se abastecen de l\u00e1minas acr\u00edlicas para su distribuci\u00f3n o procesamiento en los mercados sudamericanos, ofrecemos un socio de fabricaci\u00f3n fiable con experiencia demostrada en exportaci\u00f3n.<\/p>\t\t\t\t\t\t\t\t<\/div>\n\t\t\t\t<\/div>\n\t\t\t\t\t<\/div>\n\t\t\t\t<\/div>\n\t\t\t\t<\/div>","protected":false},"excerpt":{"rendered":"<p>Caso de proyecto en Brasil\uff5cExportaci\u00f3n de l\u00e1minas acr\u00edlicas en contenedor completo Este proyecto documenta un env\u00edo de l\u00e1minas acr\u00edlicas en contenedor completo a Brasil, realizado seg\u00fan los procedimientos est\u00e1ndar de exportaci\u00f3n. Los productos se suministran principalmente para se\u00f1alizaci\u00f3n publicitaria, fabricaci\u00f3n de expositores, accesorios de venta al por menor y aplicaciones decorativas de interior, apoyando a los procesadores y distribuidores locales en el mercado brasile\u00f1o. Desde la producci\u00f3n hasta la carga del contenedor, el pedido [...]<\/p>","protected":false},"author":1,"featured_media":13444,"comment_status":"open","ping_status":"open","sticky":false,"template":"","format":"standard","meta":{"footnotes":""},"categories":[1],"tags":[403],"class_list":["post-13440","post","type-post","status-publish","format-standard","has-post-thumbnail","hentry","category-news","tag-acrylic-sheet-project"],"yoast_head":"<!-- This site is optimized with the Yoast SEO Premium plugin v23.6 (Yoast SEO v27.4) - https:\/\/yoast.com\/product\/yoast-seo-premium-wordpress\/ -->\n<title>Brazil Acrylic Sheet Full Container Export Project - alandsacrylic<\/title>\n<meta name=\"description\" content=\"This Brazil acrylic sheet export project features a full container shipment of cast acrylic sheets for advertising, display, and fabrication applications.\" \/>\n<meta name=\"robots\" content=\"index, follow, max-snippet:-1, max-image-preview:large, max-video-preview:-1\" \/>\n<link rel=\"canonical\" href=\"https:\/\/alandsacrylic.com\/es\/noticias\/proyecto-de-exportacion-de-contenedores-completos-de-chapa-acrilica-de-brasil\/\" \/>\n<meta property=\"og:locale\" content=\"es_ES\" \/>\n<meta property=\"og:type\" content=\"article\" \/>\n<meta property=\"og:title\" content=\"Brazil Acrylic Sheet Full Container Export Project\" \/>\n<meta property=\"og:description\" content=\"This Brazil acrylic sheet export project features a full container shipment of cast acrylic sheets for advertising, display, and fabrication applications.\" \/>\n<meta property=\"og:url\" content=\"https:\/\/alandsacrylic.com\/es\/noticias\/proyecto-de-exportacion-de-contenedores-completos-de-chapa-acrilica-de-brasil\/\" \/>\n<meta property=\"og:site_name\" content=\"alandsacrylic\" \/>\n<meta property=\"article:published_time\" content=\"2026-01-06T03:07:17+00:00\" \/>\n<meta property=\"article:modified_time\" content=\"2026-01-27T07:46:52+00:00\" \/>\n<meta property=\"og:image\" content=\"https:\/\/alandsacrylic.com\/wp-content\/uploads\/2026\/01\/Brazil-Acrylic-Sheet-Full-Container-Export-Project-1.webp\" \/>\n\t<meta property=\"og:image:width\" content=\"1500\" \/>\n\t<meta property=\"og:image:height\" content=\"970\" \/>\n\t<meta property=\"og:image:type\" content=\"image\/webp\" \/>\n<meta name=\"author\" content=\"Acrylic alands\" \/>\n<meta name=\"twitter:card\" content=\"summary_large_image\" \/>\n<meta name=\"twitter:label1\" content=\"Escrito por\" \/>\n\t<meta name=\"twitter:data1\" content=\"Acrylic alands\" \/>\n\t<meta name=\"twitter:label2\" content=\"Tiempo de lectura\" \/>\n\t<meta name=\"twitter:data2\" content=\"4 minutos\" \/>\n<script type=\"application\/ld+json\" class=\"yoast-schema-graph\">{\"@context\":\"https:\\\/\\\/schema.org\",\"@graph\":[{\"@type\":\"Article\",\"@id\":\"https:\\\/\\\/alandsacrylic.com\\\/es\\\/noticias\\\/proyecto-de-exportacion-de-contenedores-completos-de-chapa-acrilica-de-brasil\\\/#article\",\"isPartOf\":{\"@id\":\"https:\\\/\\\/alandsacrylic.com\\\/es\\\/noticias\\\/proyecto-de-exportacion-de-contenedores-completos-de-chapa-acrilica-de-brasil\\\/\"},\"author\":{\"name\":\"Acrylic alands\",\"@id\":\"https:\\\/\\\/alandsacrylic.com\\\/es\\\/#\\\/schema\\\/person\\\/b75d9a7785bb394d15057c4c00780257\"},\"headline\":\"Brazil Acrylic Sheet Full Container Export Project\",\"datePublished\":\"2026-01-06T03:07:17+00:00\",\"dateModified\":\"2026-01-27T07:46:52+00:00\",\"mainEntityOfPage\":{\"@id\":\"https:\\\/\\\/alandsacrylic.com\\\/es\\\/noticias\\\/proyecto-de-exportacion-de-contenedores-completos-de-chapa-acrilica-de-brasil\\\/\"},\"wordCount\":412,\"commentCount\":0,\"publisher\":{\"@id\":\"https:\\\/\\\/alandsacrylic.com\\\/es\\\/#organization\"},\"image\":{\"@id\":\"https:\\\/\\\/alandsacrylic.com\\\/es\\\/noticias\\\/proyecto-de-exportacion-de-contenedores-completos-de-chapa-acrilica-de-brasil\\\/#primaryimage\"},\"thumbnailUrl\":\"https:\\\/\\\/alandsacrylic.com\\\/wp-content\\\/uploads\\\/2026\\\/01\\\/Brazil-Acrylic-Sheet-Full-Container-Export-Project-1.webp\",\"keywords\":[\"Acrylic Sheet Project\"],\"articleSection\":[\"news\"],\"inLanguage\":\"es\",\"potentialAction\":[{\"@type\":\"CommentAction\",\"name\":\"Comment\",\"target\":[\"https:\\\/\\\/alandsacrylic.com\\\/es\\\/noticias\\\/proyecto-de-exportacion-de-contenedores-completos-de-chapa-acrilica-de-brasil\\\/#respond\"]}]},{\"@type\":\"WebPage\",\"@id\":\"https:\\\/\\\/alandsacrylic.com\\\/es\\\/noticias\\\/proyecto-de-exportacion-de-contenedores-completos-de-chapa-acrilica-de-brasil\\\/\",\"url\":\"https:\\\/\\\/alandsacrylic.com\\\/es\\\/noticias\\\/proyecto-de-exportacion-de-contenedores-completos-de-chapa-acrilica-de-brasil\\\/\",\"name\":\"Brazil Acrylic Sheet Full Container Export Project - alandsacrylic\",\"isPartOf\":{\"@id\":\"https:\\\/\\\/alandsacrylic.com\\\/es\\\/#website\"},\"primaryImageOfPage\":{\"@id\":\"https:\\\/\\\/alandsacrylic.com\\\/es\\\/noticias\\\/proyecto-de-exportacion-de-contenedores-completos-de-chapa-acrilica-de-brasil\\\/#primaryimage\"},\"image\":{\"@id\":\"https:\\\/\\\/alandsacrylic.com\\\/es\\\/noticias\\\/proyecto-de-exportacion-de-contenedores-completos-de-chapa-acrilica-de-brasil\\\/#primaryimage\"},\"thumbnailUrl\":\"https:\\\/\\\/alandsacrylic.com\\\/wp-content\\\/uploads\\\/2026\\\/01\\\/Brazil-Acrylic-Sheet-Full-Container-Export-Project-1.webp\",\"datePublished\":\"2026-01-06T03:07:17+00:00\",\"dateModified\":\"2026-01-27T07:46:52+00:00\",\"description\":\"This Brazil acrylic sheet export project features a full container shipment of cast acrylic sheets for advertising, display, and fabrication applications.\",\"breadcrumb\":{\"@id\":\"https:\\\/\\\/alandsacrylic.com\\\/es\\\/noticias\\\/proyecto-de-exportacion-de-contenedores-completos-de-chapa-acrilica-de-brasil\\\/#breadcrumb\"},\"inLanguage\":\"es\",\"potentialAction\":[{\"@type\":\"ReadAction\",\"target\":[\"https:\\\/\\\/alandsacrylic.com\\\/es\\\/noticias\\\/proyecto-de-exportacion-de-contenedores-completos-de-chapa-acrilica-de-brasil\\\/\"]}]},{\"@type\":\"ImageObject\",\"inLanguage\":\"es\",\"@id\":\"https:\\\/\\\/alandsacrylic.com\\\/es\\\/noticias\\\/proyecto-de-exportacion-de-contenedores-completos-de-chapa-acrilica-de-brasil\\\/#primaryimage\",\"url\":\"https:\\\/\\\/alandsacrylic.com\\\/wp-content\\\/uploads\\\/2026\\\/01\\\/Brazil-Acrylic-Sheet-Full-Container-Export-Project-1.webp\",\"contentUrl\":\"https:\\\/\\\/alandsacrylic.com\\\/wp-content\\\/uploads\\\/2026\\\/01\\\/Brazil-Acrylic-Sheet-Full-Container-Export-Project-1.webp\",\"width\":1500,\"height\":970},{\"@type\":\"BreadcrumbList\",\"@id\":\"https:\\\/\\\/alandsacrylic.com\\\/es\\\/noticias\\\/proyecto-de-exportacion-de-contenedores-completos-de-chapa-acrilica-de-brasil\\\/#breadcrumb\",\"itemListElement\":[{\"@type\":\"ListItem\",\"position\":1,\"name\":\"Home\",\"item\":\"https:\\\/\\\/alandsacrylic.com\\\/\"},{\"@type\":\"ListItem\",\"position\":2,\"name\":\"news\",\"item\":\"https:\\\/\\\/alandsacrylic.com\\\/en\\\/news\\\/\"},{\"@type\":\"ListItem\",\"position\":3,\"name\":\"Brazil Acrylic Sheet Full Container Export Project\"}]},{\"@type\":\"WebSite\",\"@id\":\"https:\\\/\\\/alandsacrylic.com\\\/es\\\/#website\",\"url\":\"https:\\\/\\\/alandsacrylic.com\\\/es\\\/\",\"name\":\"alandsacrylic\",\"description\":\"\",\"publisher\":{\"@id\":\"https:\\\/\\\/alandsacrylic.com\\\/es\\\/#organization\"},\"potentialAction\":[{\"@type\":\"SearchAction\",\"target\":{\"@type\":\"EntryPoint\",\"urlTemplate\":\"https:\\\/\\\/alandsacrylic.com\\\/es\\\/?s={search_term_string}\"},\"query-input\":{\"@type\":\"PropertyValueSpecification\",\"valueRequired\":true,\"valueName\":\"search_term_string\"}}],\"inLanguage\":\"es\"},{\"@type\":\"Organization\",\"@id\":\"https:\\\/\\\/alandsacrylic.com\\\/es\\\/#organization\",\"name\":\"alandsacrylic\",\"url\":\"https:\\\/\\\/alandsacrylic.com\\\/es\\\/\",\"logo\":{\"@type\":\"ImageObject\",\"inLanguage\":\"es\",\"@id\":\"https:\\\/\\\/alandsacrylic.com\\\/es\\\/#\\\/schema\\\/logo\\\/image\\\/\",\"url\":\"https:\\\/\\\/alandsacrylic.com\\\/wp-content\\\/uploads\\\/2024\\\/11\\\/alandsacrylic-logo-4.webp\",\"contentUrl\":\"https:\\\/\\\/alandsacrylic.com\\\/wp-content\\\/uploads\\\/2024\\\/11\\\/alandsacrylic-logo-4.webp\",\"width\":2072,\"height\":782,\"caption\":\"alandsacrylic\"},\"image\":{\"@id\":\"https:\\\/\\\/alandsacrylic.com\\\/es\\\/#\\\/schema\\\/logo\\\/image\\\/\"}},{\"@type\":\"Person\",\"@id\":\"https:\\\/\\\/alandsacrylic.com\\\/es\\\/#\\\/schema\\\/person\\\/b75d9a7785bb394d15057c4c00780257\",\"name\":\"Acrylic alands\",\"image\":{\"@type\":\"ImageObject\",\"inLanguage\":\"es\",\"@id\":\"https:\\\/\\\/alandsacrylic.com\\\/wp-content\\\/litespeed\\\/avatar\\\/747147b8308200af278c36ece5bc002d.jpg?ver=1776833266\",\"url\":\"https:\\\/\\\/alandsacrylic.com\\\/wp-content\\\/litespeed\\\/avatar\\\/747147b8308200af278c36ece5bc002d.jpg?ver=1776833266\",\"contentUrl\":\"https:\\\/\\\/alandsacrylic.com\\\/wp-content\\\/litespeed\\\/avatar\\\/747147b8308200af278c36ece5bc002d.jpg?ver=1776833266\",\"caption\":\"Acrylic alands\"},\"sameAs\":[\"https:\\\/\\\/alandsacrylic.com\"],\"url\":\"https:\\\/\\\/alandsacrylic.com\\\/es\\\/author\\\/qiny682\\\/\"}]}<\/script>\n<!-- \/ Yoast SEO Premium plugin. -->","yoast_head_json":{"title":"Proyecto de exportaci\u00f3n de contenedores llenos de l\u00e1minas acr\u00edlicas de Brasil - alandsacrylic","description":"Este proyecto de exportaci\u00f3n de planchas acr\u00edlicas de Brasil incluye el env\u00edo de un contenedor completo de planchas acr\u00edlicas moldeadas para aplicaciones de publicidad, exposici\u00f3n y fabricaci\u00f3n.","robots":{"index":"index","follow":"follow","max-snippet":"max-snippet:-1","max-image-preview":"max-image-preview:large","max-video-preview":"max-video-preview:-1"},"canonical":"https:\/\/alandsacrylic.com\/es\/noticias\/proyecto-de-exportacion-de-contenedores-completos-de-chapa-acrilica-de-brasil\/","og_locale":"es_ES","og_type":"article","og_title":"Brazil Acrylic Sheet Full Container Export Project","og_description":"This Brazil acrylic sheet export project features a full container shipment of cast acrylic sheets for advertising, display, and fabrication applications.","og_url":"https:\/\/alandsacrylic.com\/es\/noticias\/proyecto-de-exportacion-de-contenedores-completos-de-chapa-acrilica-de-brasil\/","og_site_name":"alandsacrylic","article_published_time":"2026-01-06T03:07:17+00:00","article_modified_time":"2026-01-27T07:46:52+00:00","og_image":[{"width":1500,"height":970,"url":"https:\/\/alandsacrylic.com\/wp-content\/uploads\/2026\/01\/Brazil-Acrylic-Sheet-Full-Container-Export-Project-1.webp","type":"image\/webp"}],"author":"Acrylic alands","twitter_card":"summary_large_image","twitter_misc":{"Escrito por":"Acrylic alands","Tiempo de lectura":"4 minutos"},"schema":{"@context":"https:\/\/schema.org","@graph":[{"@type":"Article","@id":"https:\/\/alandsacrylic.com\/es\/noticias\/proyecto-de-exportacion-de-contenedores-completos-de-chapa-acrilica-de-brasil\/#article","isPartOf":{"@id":"https:\/\/alandsacrylic.com\/es\/noticias\/proyecto-de-exportacion-de-contenedores-completos-de-chapa-acrilica-de-brasil\/"},"author":{"name":"Acrylic alands","@id":"https:\/\/alandsacrylic.com\/es\/#\/schema\/person\/b75d9a7785bb394d15057c4c00780257"},"headline":"Brazil Acrylic Sheet Full Container Export Project","datePublished":"2026-01-06T03:07:17+00:00","dateModified":"2026-01-27T07:46:52+00:00","mainEntityOfPage":{"@id":"https:\/\/alandsacrylic.com\/es\/noticias\/proyecto-de-exportacion-de-contenedores-completos-de-chapa-acrilica-de-brasil\/"},"wordCount":412,"commentCount":0,"publisher":{"@id":"https:\/\/alandsacrylic.com\/es\/#organization"},"image":{"@id":"https:\/\/alandsacrylic.com\/es\/noticias\/proyecto-de-exportacion-de-contenedores-completos-de-chapa-acrilica-de-brasil\/#primaryimage"},"thumbnailUrl":"https:\/\/alandsacrylic.com\/wp-content\/uploads\/2026\/01\/Brazil-Acrylic-Sheet-Full-Container-Export-Project-1.webp","keywords":["Acrylic Sheet Project"],"articleSection":["news"],"inLanguage":"es","potentialAction":[{"@type":"CommentAction","name":"Comment","target":["https:\/\/alandsacrylic.com\/es\/noticias\/proyecto-de-exportacion-de-contenedores-completos-de-chapa-acrilica-de-brasil\/#respond"]}]},{"@type":"WebPage","@id":"https:\/\/alandsacrylic.com\/es\/noticias\/proyecto-de-exportacion-de-contenedores-completos-de-chapa-acrilica-de-brasil\/","url":"https:\/\/alandsacrylic.com\/es\/noticias\/proyecto-de-exportacion-de-contenedores-completos-de-chapa-acrilica-de-brasil\/","name":"Proyecto de exportaci\u00f3n de contenedores llenos de l\u00e1minas acr\u00edlicas de Brasil - alandsacrylic","isPartOf":{"@id":"https:\/\/alandsacrylic.com\/es\/#website"},"primaryImageOfPage":{"@id":"https:\/\/alandsacrylic.com\/es\/noticias\/proyecto-de-exportacion-de-contenedores-completos-de-chapa-acrilica-de-brasil\/#primaryimage"},"image":{"@id":"https:\/\/alandsacrylic.com\/es\/noticias\/proyecto-de-exportacion-de-contenedores-completos-de-chapa-acrilica-de-brasil\/#primaryimage"},"thumbnailUrl":"https:\/\/alandsacrylic.com\/wp-content\/uploads\/2026\/01\/Brazil-Acrylic-Sheet-Full-Container-Export-Project-1.webp","datePublished":"2026-01-06T03:07:17+00:00","dateModified":"2026-01-27T07:46:52+00:00","description":"Este proyecto de exportaci\u00f3n de planchas acr\u00edlicas de Brasil incluye el env\u00edo de un contenedor completo de planchas acr\u00edlicas moldeadas para aplicaciones de publicidad, exposici\u00f3n y fabricaci\u00f3n.","breadcrumb":{"@id":"https:\/\/alandsacrylic.com\/es\/noticias\/proyecto-de-exportacion-de-contenedores-completos-de-chapa-acrilica-de-brasil\/#breadcrumb"},"inLanguage":"es","potentialAction":[{"@type":"ReadAction","target":["https:\/\/alandsacrylic.com\/es\/noticias\/proyecto-de-exportacion-de-contenedores-completos-de-chapa-acrilica-de-brasil\/"]}]},{"@type":"ImageObject","inLanguage":"es","@id":"https:\/\/alandsacrylic.com\/es\/noticias\/proyecto-de-exportacion-de-contenedores-completos-de-chapa-acrilica-de-brasil\/#primaryimage","url":"https:\/\/alandsacrylic.com\/wp-content\/uploads\/2026\/01\/Brazil-Acrylic-Sheet-Full-Container-Export-Project-1.webp","contentUrl":"https:\/\/alandsacrylic.com\/wp-content\/uploads\/2026\/01\/Brazil-Acrylic-Sheet-Full-Container-Export-Project-1.webp","width":1500,"height":970},{"@type":"BreadcrumbList","@id":"https:\/\/alandsacrylic.com\/es\/noticias\/proyecto-de-exportacion-de-contenedores-completos-de-chapa-acrilica-de-brasil\/#breadcrumb","itemListElement":[{"@type":"ListItem","position":1,"name":"Home","item":"https:\/\/alandsacrylic.com\/"},{"@type":"ListItem","position":2,"name":"news","item":"https:\/\/alandsacrylic.com\/en\/news\/"},{"@type":"ListItem","position":3,"name":"Brazil Acrylic Sheet Full Container Export Project"}]},{"@type":"WebSite","@id":"https:\/\/alandsacrylic.com\/es\/#website","url":"https:\/\/alandsacrylic.com\/es\/","name":"alandsacrylic","description":"","publisher":{"@id":"https:\/\/alandsacrylic.com\/es\/#organization"},"potentialAction":[{"@type":"SearchAction","target":{"@type":"EntryPoint","urlTemplate":"https:\/\/alandsacrylic.com\/es\/?s={search_term_string}"},"query-input":{"@type":"PropertyValueSpecification","valueRequired":true,"valueName":"search_term_string"}}],"inLanguage":"es"},{"@type":"Organization","@id":"https:\/\/alandsacrylic.com\/es\/#organization","name":"alandsacrylic","url":"https:\/\/alandsacrylic.com\/es\/","logo":{"@type":"ImageObject","inLanguage":"es","@id":"https:\/\/alandsacrylic.com\/es\/#\/schema\/logo\/image\/","url":"https:\/\/alandsacrylic.com\/wp-content\/uploads\/2024\/11\/alandsacrylic-logo-4.webp","contentUrl":"https:\/\/alandsacrylic.com\/wp-content\/uploads\/2024\/11\/alandsacrylic-logo-4.webp","width":2072,"height":782,"caption":"alandsacrylic"},"image":{"@id":"https:\/\/alandsacrylic.com\/es\/#\/schema\/logo\/image\/"}},{"@type":"Person","@id":"https:\/\/alandsacrylic.com\/es\/#\/schema\/person\/b75d9a7785bb394d15057c4c00780257","name":"Arenas acr\u00edlicas","image":{"@type":"ImageObject","inLanguage":"es","@id":"https:\/\/alandsacrylic.com\/wp-content\/litespeed\/avatar\/747147b8308200af278c36ece5bc002d.jpg?ver=1776833266","url":"https:\/\/alandsacrylic.com\/wp-content\/litespeed\/avatar\/747147b8308200af278c36ece5bc002d.jpg?ver=1776833266","contentUrl":"https:\/\/alandsacrylic.com\/wp-content\/litespeed\/avatar\/747147b8308200af278c36ece5bc002d.jpg?ver=1776833266","caption":"Acrylic alands"},"sameAs":["https:\/\/alandsacrylic.com"],"url":"https:\/\/alandsacrylic.com\/es\/author\/qiny682\/"}]}},"_links":{"self":[{"href":"https:\/\/alandsacrylic.com\/es\/wp-json\/wp\/v2\/posts\/13440","targetHints":{"allow":["GET"]}}],"collection":[{"href":"https:\/\/alandsacrylic.com\/es\/wp-json\/wp\/v2\/posts"}],"about":[{"href":"https:\/\/alandsacrylic.com\/es\/wp-json\/wp\/v2\/types\/post"}],"author":[{"embeddable":true,"href":"https:\/\/alandsacrylic.com\/es\/wp-json\/wp\/v2\/users\/1"}],"replies":[{"embeddable":true,"href":"https:\/\/alandsacrylic.com\/es\/wp-json\/wp\/v2\/comments?post=13440"}],"version-history":[{"count":5,"href":"https:\/\/alandsacrylic.com\/es\/wp-json\/wp\/v2\/posts\/13440\/revisions"}],"predecessor-version":[{"id":13447,"href":"https:\/\/alandsacrylic.com\/es\/wp-json\/wp\/v2\/posts\/13440\/revisions\/13447"}],"wp:featuredmedia":[{"embeddable":true,"href":"https:\/\/alandsacrylic.com\/es\/wp-json\/wp\/v2\/media\/13444"}],"wp:attachment":[{"href":"https:\/\/alandsacrylic.com\/es\/wp-json\/wp\/v2\/media?parent=13440"}],"wp:term":[{"taxonomy":"category","embeddable":true,"href":"https:\/\/alandsacrylic.com\/es\/wp-json\/wp\/v2\/categories?post=13440"},{"taxonomy":"post_tag","embeddable":true,"href":"https:\/\/alandsacrylic.com\/es\/wp-json\/wp\/v2\/tags?post=13440"}],"curies":[{"name":"wp","href":"https:\/\/api.w.org\/{rel}","templated":true}]}}