{"id":12336,"date":"2025-11-27T03:23:42","date_gmt":"2025-11-27T03:23:42","guid":{"rendered":"https:\/\/alandsacrylic.com\/?p=12336"},"modified":"2025-11-27T03:27:40","modified_gmt":"2025-11-27T03:27:40","slug":"hoja-acrilica-de-la-138a-feria-de-canton-alands","status":"publish","type":"post","link":"https:\/\/alandsacrylic.com\/es\/noticias\/hoja-acrilica-de-la-138a-feria-de-canton-alands\/","title":{"rendered":"L\u00e1minas acr\u00edlicas de la 138\u00aa Feria de Cant\u00f3n Alands"},"content":{"rendered":"<div data-elementor-type=\"wp-post\" data-elementor-id=\"12336\" class=\"elementor elementor-12336\" data-elementor-post-type=\"post\">\n\t\t\t\t<div class=\"elementor-element elementor-element-3a03caf8 e-flex e-con-boxed e-con e-parent\" data-id=\"3a03caf8\" data-element_type=\"container\" data-e-type=\"container\">\n\t\t\t\t\t<div class=\"e-con-inner\">\n\t\t\t\t<div class=\"elementor-element elementor-element-e47da67 elementor-widget elementor-widget-heading\" data-id=\"e47da67\" data-element_type=\"widget\" data-e-type=\"widget\" data-widget_type=\"heading.default\">\n\t\t\t\t<div class=\"elementor-widget-container\">\n\t\t\t\t\t<h2 class=\"elementor-heading-title elementor-size-default\">Aplicaci\u00f3n de las l\u00e1minas acr\u00edlicas en la 138\u00aa Feria de Cant\u00f3n<\/h2>\t\t\t\t<\/div>\n\t\t\t\t<\/div>\n\t\t\t\t\t<\/div>\n\t\t\t\t<\/div>\n\t\t<div class=\"elementor-element elementor-element-63b6d7b7 e-flex e-con-boxed e-con e-parent\" data-id=\"63b6d7b7\" data-element_type=\"container\" data-e-type=\"container\">\n\t\t\t\t\t<div class=\"e-con-inner\">\n\t\t\t\t<div class=\"elementor-element elementor-element-176ab5ed elementor-widget elementor-widget-text-editor\" data-id=\"176ab5ed\" data-element_type=\"widget\" data-e-type=\"widget\" data-widget_type=\"text-editor.default\">\n\t\t\t\t<div class=\"elementor-widget-container\">\n\t\t\t\t\t\t\t\t\t<p data-start=\"240\" data-end=\"547\">Durante la 138\u00aa Feria de Cant\u00f3n, la mayor\u00eda de las conversaciones en nuestro stand se centraron en <strong data-start=\"313\" data-end=\"331\">planchas acr\u00edlicas<\/strong> y su uso en diversas industrias. Compradores de distintas regiones compartieron sus necesidades de aplicaci\u00f3n y sus experiencias en proyectos, lo que nos permiti\u00f3 comprender mejor c\u00f3mo se utilizan los materiales acr\u00edlicos en los mercados mundiales.<\/p><p data-start=\"240\" data-end=\"547\"><img fetchpriority=\"high\" decoding=\"async\" class=\"aligncenter wp-image-12339 size-full\" src=\"https:\/\/alandsacrylic.com\/wp-content\/uploads\/2025\/11\/Acrylic-Sheet-Insights-from-the-138th-Canton-Fair-Alands.webp\" alt=\"\" width=\"1980\" height=\"1486\" srcset=\"https:\/\/alandsacrylic.com\/wp-content\/uploads\/2025\/11\/Acrylic-Sheet-Insights-from-the-138th-Canton-Fair-Alands.webp 1980w, https:\/\/alandsacrylic.com\/wp-content\/uploads\/2025\/11\/Acrylic-Sheet-Insights-from-the-138th-Canton-Fair-Alands-300x225.webp 300w, https:\/\/alandsacrylic.com\/wp-content\/uploads\/2025\/11\/Acrylic-Sheet-Insights-from-the-138th-Canton-Fair-Alands-1024x769.webp 1024w, https:\/\/alandsacrylic.com\/wp-content\/uploads\/2025\/11\/Acrylic-Sheet-Insights-from-the-138th-Canton-Fair-Alands-768x576.webp 768w, https:\/\/alandsacrylic.com\/wp-content\/uploads\/2025\/11\/Acrylic-Sheet-Insights-from-the-138th-Canton-Fair-Alands-1536x1153.webp 1536w\" sizes=\"(max-width: 1980px) 100vw, 1980px\" \/><\/p><h3 data-start=\"549\" data-end=\"599\"><strong data-start=\"552\" data-end=\"599\">Expectativas de rendimiento de las planchas acr\u00edlicas<\/strong><\/h3><p data-start=\"600\" data-end=\"720\">Los compradores que trabajan en se\u00f1alizaci\u00f3n, fabricaci\u00f3n de expositores, iluminaci\u00f3n y decoraci\u00f3n de interiores expresaron prioridades claras, entre ellas:<\/p><ul data-start=\"722\" data-end=\"967\"><li data-start=\"722\" data-end=\"775\"><p data-start=\"724\" data-end=\"775\">Estable <strong data-start=\"731\" data-end=\"753\">transmisi\u00f3n de luz<\/strong> y claridad \u00f3ptica<\/p><\/li><li data-start=\"776\" data-end=\"838\"><p data-start=\"778\" data-end=\"838\">Suave, uniforme <strong data-start=\"794\" data-end=\"811\">brillo superficial<\/strong> para expositores luminosos<\/p><\/li><li data-start=\"839\" data-end=\"898\"><p data-start=\"841\" data-end=\"898\">Fiable <strong data-start=\"850\" data-end=\"871\">consistencia del color<\/strong> para proyectos a gran escala<\/p><\/li><li data-start=\"899\" data-end=\"967\"><p data-start=\"901\" data-end=\"967\"><strong data-start=\"901\" data-end=\"923\">Resistencia a la intemperie<\/strong> para instalaciones interiores y exteriores<\/p><\/li><\/ul><p data-start=\"969\" data-end=\"1079\">Estos datos demuestran que las planchas acr\u00edlicas siguen siendo esenciales cuando se requieren prestaciones visuales y durabilidad.<\/p><h3 data-start=\"1081\" data-end=\"1136\"><strong data-start=\"1084\" data-end=\"1136\">El rendimiento del procesamiento como punto clave de debate<\/strong><\/h3><p data-start=\"1137\" data-end=\"1235\">Muchos debates se centraron en el comportamiento de las planchas acr\u00edlicas durante la fabricaci\u00f3n. Las principales preocupaciones fueron:<\/p><ul data-start=\"1237\" data-end=\"1455\"><li data-start=\"1237\" data-end=\"1294\"><p data-start=\"1239\" data-end=\"1294\"><strong data-start=\"1239\" data-end=\"1255\">Bordes lisos<\/strong> tras el corte por l\u00e1ser o el mecanizado CNC<\/p><\/li><li data-start=\"1295\" data-end=\"1340\"><p data-start=\"1297\" data-end=\"1340\">Resultados de flexi\u00f3n uniformes durante el termoformado<\/p><\/li><li data-start=\"1341\" data-end=\"1386\"><p data-start=\"1343\" data-end=\"1386\">Calidad de la pel\u00edcula protectora durante el procesado<\/p><\/li><li data-start=\"1387\" data-end=\"1455\"><p data-start=\"1389\" data-end=\"1455\">Compatibilidad con <strong data-start=\"1408\" data-end=\"1423\">Impresi\u00f3n UV<\/strong>serigraf\u00eda y encolado<\/p><\/li><\/ul><p data-start=\"1457\" data-end=\"1572\">Estos requisitos reflejan la creciente necesidad de materiales que respalden flujos de trabajo de producci\u00f3n eficientes y precisos.<\/p><h3 data-start=\"1574\" data-end=\"1645\"><strong data-start=\"1577\" data-end=\"1645\">Aumenta el inter\u00e9s por las opciones acr\u00edlicas decorativas y funcionales<\/strong><\/h3><p data-start=\"1646\" data-end=\"1709\">M\u00e1s all\u00e1 de las hojas transparentes est\u00e1ndar, los compradores mostraron gran inter\u00e9s por:<\/p><ul data-start=\"1711\" data-end=\"1953\"><li data-start=\"1711\" data-end=\"1773\"><p data-start=\"1713\" data-end=\"1773\"><span style=\"color: #ff0000;\"><a style=\"color: #ff0000;\" href=\"https:\/\/alandsacrylic.com\/es\/hoja-acrilica\/lamina-acrilica-de-color\/\"><strong data-start=\"1713\" data-end=\"1739\">L\u00e1minas acr\u00edlicas de colores<\/strong><\/a><\/span> para comercios y expositores<\/p><\/li><li data-start=\"1774\" data-end=\"1823\"><p data-start=\"1776\" data-end=\"1823\"><a href=\"https:\/\/alandsacrylic.com\/es\/hoja-acrilica\/lamina-acrilica-esmerilada\/\"><strong data-start=\"1776\" data-end=\"1805\"><span style=\"color: #ff0000;\">Acabados esmerilado o mate<\/span><\/strong><\/a> para reducir el deslumbramiento<\/p><\/li><li data-start=\"1824\" data-end=\"1894\"><p data-start=\"1826\" data-end=\"1894\"><a href=\"https:\/\/alandsacrylic.com\/es\/hoja-acrilica\/lamina-acrilica-espejo\/\"><strong data-start=\"1826\" data-end=\"1851\"><span style=\"color: #ff0000;\">L\u00e1minas acr\u00edlicas espejadas<\/span><\/strong><\/a> para instalaciones decorativas ligeras<\/p><\/li><li data-start=\"1895\" data-end=\"1953\"><p data-start=\"1897\" data-end=\"1953\"><span style=\"color: #ff0000;\"><a style=\"color: #ff0000;\" href=\"https:\/\/alandsacrylic.com\/es\/hoja-acrilica\/lamina-acrilica-transparente\/\"><strong data-start=\"1897\" data-end=\"1924\">Acr\u00edlico de difusi\u00f3n de la luz<\/strong><\/a><\/span> para paneles LED y se\u00f1alizaci\u00f3n<\/p><\/li><\/ul><p data-start=\"1955\" data-end=\"2063\">Esto demuestra que el mercado de las planchas acr\u00edlicas est\u00e1 evolucionando hacia aplicaciones diversificadas y orientadas al dise\u00f1o.<\/p><h3 data-start=\"2065\" data-end=\"2118\"><strong data-start=\"2068\" data-end=\"2118\">Las especificaciones personalizadas son cada vez m\u00e1s comunes<\/strong><\/h3><p data-start=\"2119\" data-end=\"2173\">Compradores de distintos pa\u00edses manifestaron su inter\u00e9s:<\/p><ul data-start=\"2175\" data-end=\"2355\"><li data-start=\"2175\" data-end=\"2225\"><p data-start=\"2177\" data-end=\"2225\">A medida <strong data-start=\"2184\" data-end=\"2223\">colores, grosores y dimensiones<\/strong><\/p><\/li><li data-start=\"2226\" data-end=\"2251\"><p data-start=\"2228\" data-end=\"2251\">Opciones de embalaje OEM<\/p><\/li><li data-start=\"2252\" data-end=\"2292\"><p data-start=\"2254\" data-end=\"2292\">Acuerdos estables de suministro a largo plazo<\/p><\/li><li data-start=\"2293\" data-end=\"2355\"><p data-start=\"2295\" data-end=\"2355\">Recomendaciones de materiales para requisitos espec\u00edficos del proyecto<\/p><\/li><\/ul><p data-start=\"2357\" data-end=\"2465\">Estos debates ponen de relieve la importancia de una capacidad de producci\u00f3n flexible y una calidad constante de los lotes.<\/p><h3 data-start=\"2467\" data-end=\"2545\"><strong data-start=\"2470\" data-end=\"2545\">Conclusi\u00f3n: Los comentarios de las aplicaciones reales ayudan a desarrollar mejor los productos<\/strong><\/h3><p data-start=\"2546\" data-end=\"2734\">La Feria de Cant\u00f3n nos brind\u00f3 una valiosa oportunidad para comprender las aplicaciones reales de las planchas acr\u00edlicas. Gracias a las conversaciones mantenidas con usuarios finales y distribuidores, obtuvimos una visi\u00f3n m\u00e1s clara de:<\/p><ul data-start=\"2736\" data-end=\"2958\"><li data-start=\"2736\" data-end=\"2779\"><p data-start=\"2738\" data-end=\"2779\">Qu\u00e9 especificaciones son m\u00e1s pr\u00e1cticas<\/p><\/li><li data-start=\"2780\" data-end=\"2842\"><p data-start=\"2782\" data-end=\"2842\">Diferencias en los requisitos de fabricaci\u00f3n entre industrias<\/p><\/li><li data-start=\"2843\" data-end=\"2902\"><p data-start=\"2845\" data-end=\"2902\">Preferencias de acabados superficiales y opciones funcionales<\/p><\/li><li data-start=\"2903\" data-end=\"2958\"><p data-start=\"2905\" data-end=\"2958\">Expectativas de rendimiento b\u00e1sicas en el uso real del proyecto<\/p><\/li><\/ul><p data-start=\"2960\" data-end=\"3099\">Estos conocimientos seguir\u00e1n guiando nuestras mejoras en la producci\u00f3n de l\u00e1minas acr\u00edlicas, la estabilidad y la asistencia en aplicaciones para clientes de todo el mundo.<\/p>\t\t\t\t\t\t\t\t<\/div>\n\t\t\t\t<\/div>\n\t\t\t\t\t<\/div>\n\t\t\t\t<\/div>\n\t\t\t\t<\/div>","protected":false},"excerpt":{"rendered":"<p>Acrylic Sheet Application Insights from the 138th Canton Fair During the 138th Canton Fair, most conversations at our booth focused on acrylic sheets and their use in various industries. Buyers from different regions shared their application needs and project experiences, giving us a clearer understanding of how acrylic materials are being used in global markets. [&hellip;]<\/p>","protected":false},"author":1,"featured_media":12339,"comment_status":"open","ping_status":"open","sticky":false,"template":"","format":"standard","meta":{"footnotes":""},"categories":[1],"tags":[],"class_list":["post-12336","post","type-post","status-publish","format-standard","has-post-thumbnail","hentry","category-news"],"yoast_head":"<!-- This site is optimized with the Yoast SEO Premium plugin v23.6 (Yoast SEO v27.4) - https:\/\/yoast.com\/product\/yoast-seo-premium-wordpress\/ -->\n<title>Acrylic Sheet Insights from the 138th Canton Fair Alands - alandsacrylic<\/title>\n<meta name=\"description\" content=\"Alands shares key acrylic sheet application insights from the 138th Canton Fair, focusing on performance, processing needs, customization, and global market trends.\" \/>\n<meta name=\"robots\" content=\"index, follow, max-snippet:-1, max-image-preview:large, max-video-preview:-1\" \/>\n<link rel=\"canonical\" href=\"https:\/\/alandsacrylic.com\/es\/noticias\/hoja-acrilica-de-la-138a-feria-de-canton-alands\/\" \/>\n<meta property=\"og:locale\" content=\"es_ES\" \/>\n<meta property=\"og:type\" content=\"article\" \/>\n<meta property=\"og:title\" content=\"Acrylic Sheet Insights from the 138th Canton Fair Alands\" \/>\n<meta property=\"og:description\" content=\"Alands shares key acrylic sheet application insights from the 138th Canton Fair, focusing on performance, processing needs, customization, and global market trends.\" \/>\n<meta property=\"og:url\" content=\"https:\/\/alandsacrylic.com\/es\/noticias\/hoja-acrilica-de-la-138a-feria-de-canton-alands\/\" \/>\n<meta property=\"og:site_name\" content=\"alandsacrylic\" \/>\n<meta property=\"article:published_time\" content=\"2025-11-27T03:23:42+00:00\" \/>\n<meta property=\"article:modified_time\" content=\"2025-11-27T03:27:40+00:00\" \/>\n<meta property=\"og:image\" content=\"https:\/\/alandsacrylic.com\/wp-content\/uploads\/2025\/11\/Acrylic-Sheet-Insights-from-the-138th-Canton-Fair-Alands.webp\" \/>\n\t<meta property=\"og:image:width\" content=\"1980\" \/>\n\t<meta property=\"og:image:height\" content=\"1486\" \/>\n\t<meta property=\"og:image:type\" content=\"image\/webp\" \/>\n<meta name=\"author\" content=\"Acrylic alands\" \/>\n<meta name=\"twitter:card\" content=\"summary_large_image\" \/>\n<meta name=\"twitter:label1\" content=\"Escrito por\" \/>\n\t<meta name=\"twitter:data1\" content=\"Acrylic alands\" \/>\n\t<meta name=\"twitter:label2\" content=\"Tiempo de lectura\" \/>\n\t<meta name=\"twitter:data2\" content=\"2 minutos\" \/>\n<script type=\"application\/ld+json\" class=\"yoast-schema-graph\">{\"@context\":\"https:\\\/\\\/schema.org\",\"@graph\":[{\"@type\":\"Article\",\"@id\":\"https:\\\/\\\/alandsacrylic.com\\\/es\\\/noticias\\\/hoja-acrilica-de-la-138a-feria-de-canton-alands\\\/#article\",\"isPartOf\":{\"@id\":\"https:\\\/\\\/alandsacrylic.com\\\/es\\\/noticias\\\/hoja-acrilica-de-la-138a-feria-de-canton-alands\\\/\"},\"author\":{\"name\":\"Acrylic alands\",\"@id\":\"https:\\\/\\\/alandsacrylic.com\\\/es\\\/#\\\/schema\\\/person\\\/b75d9a7785bb394d15057c4c00780257\"},\"headline\":\"Acrylic Sheet Insights from the 138th Canton Fair Alands\",\"datePublished\":\"2025-11-27T03:23:42+00:00\",\"dateModified\":\"2025-11-27T03:27:40+00:00\",\"mainEntityOfPage\":{\"@id\":\"https:\\\/\\\/alandsacrylic.com\\\/es\\\/noticias\\\/hoja-acrilica-de-la-138a-feria-de-canton-alands\\\/\"},\"wordCount\":364,\"commentCount\":0,\"publisher\":{\"@id\":\"https:\\\/\\\/alandsacrylic.com\\\/es\\\/#organization\"},\"image\":{\"@id\":\"https:\\\/\\\/alandsacrylic.com\\\/es\\\/noticias\\\/hoja-acrilica-de-la-138a-feria-de-canton-alands\\\/#primaryimage\"},\"thumbnailUrl\":\"https:\\\/\\\/alandsacrylic.com\\\/wp-content\\\/uploads\\\/2025\\\/11\\\/Acrylic-Sheet-Insights-from-the-138th-Canton-Fair-Alands.webp\",\"articleSection\":[\"news\"],\"inLanguage\":\"es\",\"potentialAction\":[{\"@type\":\"CommentAction\",\"name\":\"Comment\",\"target\":[\"https:\\\/\\\/alandsacrylic.com\\\/es\\\/noticias\\\/hoja-acrilica-de-la-138a-feria-de-canton-alands\\\/#respond\"]}]},{\"@type\":\"WebPage\",\"@id\":\"https:\\\/\\\/alandsacrylic.com\\\/es\\\/noticias\\\/hoja-acrilica-de-la-138a-feria-de-canton-alands\\\/\",\"url\":\"https:\\\/\\\/alandsacrylic.com\\\/es\\\/noticias\\\/hoja-acrilica-de-la-138a-feria-de-canton-alands\\\/\",\"name\":\"Acrylic Sheet Insights from the 138th Canton Fair Alands - alandsacrylic\",\"isPartOf\":{\"@id\":\"https:\\\/\\\/alandsacrylic.com\\\/es\\\/#website\"},\"primaryImageOfPage\":{\"@id\":\"https:\\\/\\\/alandsacrylic.com\\\/es\\\/noticias\\\/hoja-acrilica-de-la-138a-feria-de-canton-alands\\\/#primaryimage\"},\"image\":{\"@id\":\"https:\\\/\\\/alandsacrylic.com\\\/es\\\/noticias\\\/hoja-acrilica-de-la-138a-feria-de-canton-alands\\\/#primaryimage\"},\"thumbnailUrl\":\"https:\\\/\\\/alandsacrylic.com\\\/wp-content\\\/uploads\\\/2025\\\/11\\\/Acrylic-Sheet-Insights-from-the-138th-Canton-Fair-Alands.webp\",\"datePublished\":\"2025-11-27T03:23:42+00:00\",\"dateModified\":\"2025-11-27T03:27:40+00:00\",\"description\":\"Alands shares key acrylic sheet application insights from the 138th Canton Fair, focusing on performance, processing needs, customization, and global market trends.\",\"breadcrumb\":{\"@id\":\"https:\\\/\\\/alandsacrylic.com\\\/es\\\/noticias\\\/hoja-acrilica-de-la-138a-feria-de-canton-alands\\\/#breadcrumb\"},\"inLanguage\":\"es\",\"potentialAction\":[{\"@type\":\"ReadAction\",\"target\":[\"https:\\\/\\\/alandsacrylic.com\\\/es\\\/noticias\\\/hoja-acrilica-de-la-138a-feria-de-canton-alands\\\/\"]}]},{\"@type\":\"ImageObject\",\"inLanguage\":\"es\",\"@id\":\"https:\\\/\\\/alandsacrylic.com\\\/es\\\/noticias\\\/hoja-acrilica-de-la-138a-feria-de-canton-alands\\\/#primaryimage\",\"url\":\"https:\\\/\\\/alandsacrylic.com\\\/wp-content\\\/uploads\\\/2025\\\/11\\\/Acrylic-Sheet-Insights-from-the-138th-Canton-Fair-Alands.webp\",\"contentUrl\":\"https:\\\/\\\/alandsacrylic.com\\\/wp-content\\\/uploads\\\/2025\\\/11\\\/Acrylic-Sheet-Insights-from-the-138th-Canton-Fair-Alands.webp\",\"width\":1980,\"height\":1486},{\"@type\":\"BreadcrumbList\",\"@id\":\"https:\\\/\\\/alandsacrylic.com\\\/es\\\/noticias\\\/hoja-acrilica-de-la-138a-feria-de-canton-alands\\\/#breadcrumb\",\"itemListElement\":[{\"@type\":\"ListItem\",\"position\":1,\"name\":\"Home\",\"item\":\"https:\\\/\\\/alandsacrylic.com\\\/\"},{\"@type\":\"ListItem\",\"position\":2,\"name\":\"news\",\"item\":\"https:\\\/\\\/alandsacrylic.com\\\/en\\\/news\\\/\"},{\"@type\":\"ListItem\",\"position\":3,\"name\":\"Acrylic Sheet Insights from the 138th Canton Fair Alands\"}]},{\"@type\":\"WebSite\",\"@id\":\"https:\\\/\\\/alandsacrylic.com\\\/es\\\/#website\",\"url\":\"https:\\\/\\\/alandsacrylic.com\\\/es\\\/\",\"name\":\"alandsacrylic\",\"description\":\"\",\"publisher\":{\"@id\":\"https:\\\/\\\/alandsacrylic.com\\\/es\\\/#organization\"},\"potentialAction\":[{\"@type\":\"SearchAction\",\"target\":{\"@type\":\"EntryPoint\",\"urlTemplate\":\"https:\\\/\\\/alandsacrylic.com\\\/es\\\/?s={search_term_string}\"},\"query-input\":{\"@type\":\"PropertyValueSpecification\",\"valueRequired\":true,\"valueName\":\"search_term_string\"}}],\"inLanguage\":\"es\"},{\"@type\":\"Organization\",\"@id\":\"https:\\\/\\\/alandsacrylic.com\\\/es\\\/#organization\",\"name\":\"alandsacrylic\",\"url\":\"https:\\\/\\\/alandsacrylic.com\\\/es\\\/\",\"logo\":{\"@type\":\"ImageObject\",\"inLanguage\":\"es\",\"@id\":\"https:\\\/\\\/alandsacrylic.com\\\/es\\\/#\\\/schema\\\/logo\\\/image\\\/\",\"url\":\"https:\\\/\\\/alandsacrylic.com\\\/wp-content\\\/uploads\\\/2024\\\/11\\\/alandsacrylic-logo-4.webp\",\"contentUrl\":\"https:\\\/\\\/alandsacrylic.com\\\/wp-content\\\/uploads\\\/2024\\\/11\\\/alandsacrylic-logo-4.webp\",\"width\":2072,\"height\":782,\"caption\":\"alandsacrylic\"},\"image\":{\"@id\":\"https:\\\/\\\/alandsacrylic.com\\\/es\\\/#\\\/schema\\\/logo\\\/image\\\/\"}},{\"@type\":\"Person\",\"@id\":\"https:\\\/\\\/alandsacrylic.com\\\/es\\\/#\\\/schema\\\/person\\\/b75d9a7785bb394d15057c4c00780257\",\"name\":\"Acrylic alands\",\"image\":{\"@type\":\"ImageObject\",\"inLanguage\":\"es\",\"@id\":\"https:\\\/\\\/alandsacrylic.com\\\/wp-content\\\/litespeed\\\/avatar\\\/747147b8308200af278c36ece5bc002d.jpg?ver=1776833266\",\"url\":\"https:\\\/\\\/alandsacrylic.com\\\/wp-content\\\/litespeed\\\/avatar\\\/747147b8308200af278c36ece5bc002d.jpg?ver=1776833266\",\"contentUrl\":\"https:\\\/\\\/alandsacrylic.com\\\/wp-content\\\/litespeed\\\/avatar\\\/747147b8308200af278c36ece5bc002d.jpg?ver=1776833266\",\"caption\":\"Acrylic alands\"},\"sameAs\":[\"https:\\\/\\\/alandsacrylic.com\"],\"url\":\"https:\\\/\\\/alandsacrylic.com\\\/es\\\/author\\\/qiny682\\\/\"}]}<\/script>\n<!-- \/ Yoast SEO Premium plugin. -->","yoast_head_json":{"title":"L\u00e1minas acr\u00edlicas de la 138\u00aa Feria de Cant\u00f3n Alands - alandsacrylic","description":"Alands comparte informaci\u00f3n clave sobre las aplicaciones de las l\u00e1minas acr\u00edlicas en la 138\u00aa Feria de Cant\u00f3n, centr\u00e1ndose en el rendimiento, las necesidades de procesamiento, la personalizaci\u00f3n y las tendencias del mercado mundial.","robots":{"index":"index","follow":"follow","max-snippet":"max-snippet:-1","max-image-preview":"max-image-preview:large","max-video-preview":"max-video-preview:-1"},"canonical":"https:\/\/alandsacrylic.com\/es\/noticias\/hoja-acrilica-de-la-138a-feria-de-canton-alands\/","og_locale":"es_ES","og_type":"article","og_title":"Acrylic Sheet Insights from the 138th Canton Fair Alands","og_description":"Alands shares key acrylic sheet application insights from the 138th Canton Fair, focusing on performance, processing needs, customization, and global market trends.","og_url":"https:\/\/alandsacrylic.com\/es\/noticias\/hoja-acrilica-de-la-138a-feria-de-canton-alands\/","og_site_name":"alandsacrylic","article_published_time":"2025-11-27T03:23:42+00:00","article_modified_time":"2025-11-27T03:27:40+00:00","og_image":[{"width":1980,"height":1486,"url":"https:\/\/alandsacrylic.com\/wp-content\/uploads\/2025\/11\/Acrylic-Sheet-Insights-from-the-138th-Canton-Fair-Alands.webp","type":"image\/webp"}],"author":"Acrylic alands","twitter_card":"summary_large_image","twitter_misc":{"Escrito por":"Acrylic alands","Tiempo de lectura":"2 minutos"},"schema":{"@context":"https:\/\/schema.org","@graph":[{"@type":"Article","@id":"https:\/\/alandsacrylic.com\/es\/noticias\/hoja-acrilica-de-la-138a-feria-de-canton-alands\/#article","isPartOf":{"@id":"https:\/\/alandsacrylic.com\/es\/noticias\/hoja-acrilica-de-la-138a-feria-de-canton-alands\/"},"author":{"name":"Acrylic alands","@id":"https:\/\/alandsacrylic.com\/es\/#\/schema\/person\/b75d9a7785bb394d15057c4c00780257"},"headline":"Acrylic Sheet Insights from the 138th Canton Fair Alands","datePublished":"2025-11-27T03:23:42+00:00","dateModified":"2025-11-27T03:27:40+00:00","mainEntityOfPage":{"@id":"https:\/\/alandsacrylic.com\/es\/noticias\/hoja-acrilica-de-la-138a-feria-de-canton-alands\/"},"wordCount":364,"commentCount":0,"publisher":{"@id":"https:\/\/alandsacrylic.com\/es\/#organization"},"image":{"@id":"https:\/\/alandsacrylic.com\/es\/noticias\/hoja-acrilica-de-la-138a-feria-de-canton-alands\/#primaryimage"},"thumbnailUrl":"https:\/\/alandsacrylic.com\/wp-content\/uploads\/2025\/11\/Acrylic-Sheet-Insights-from-the-138th-Canton-Fair-Alands.webp","articleSection":["news"],"inLanguage":"es","potentialAction":[{"@type":"CommentAction","name":"Comment","target":["https:\/\/alandsacrylic.com\/es\/noticias\/hoja-acrilica-de-la-138a-feria-de-canton-alands\/#respond"]}]},{"@type":"WebPage","@id":"https:\/\/alandsacrylic.com\/es\/noticias\/hoja-acrilica-de-la-138a-feria-de-canton-alands\/","url":"https:\/\/alandsacrylic.com\/es\/noticias\/hoja-acrilica-de-la-138a-feria-de-canton-alands\/","name":"L\u00e1minas acr\u00edlicas de la 138\u00aa Feria de Cant\u00f3n Alands - alandsacrylic","isPartOf":{"@id":"https:\/\/alandsacrylic.com\/es\/#website"},"primaryImageOfPage":{"@id":"https:\/\/alandsacrylic.com\/es\/noticias\/hoja-acrilica-de-la-138a-feria-de-canton-alands\/#primaryimage"},"image":{"@id":"https:\/\/alandsacrylic.com\/es\/noticias\/hoja-acrilica-de-la-138a-feria-de-canton-alands\/#primaryimage"},"thumbnailUrl":"https:\/\/alandsacrylic.com\/wp-content\/uploads\/2025\/11\/Acrylic-Sheet-Insights-from-the-138th-Canton-Fair-Alands.webp","datePublished":"2025-11-27T03:23:42+00:00","dateModified":"2025-11-27T03:27:40+00:00","description":"Alands comparte informaci\u00f3n clave sobre las aplicaciones de las l\u00e1minas acr\u00edlicas en la 138\u00aa Feria de Cant\u00f3n, centr\u00e1ndose en el rendimiento, las necesidades de procesamiento, la personalizaci\u00f3n y las tendencias del mercado mundial.","breadcrumb":{"@id":"https:\/\/alandsacrylic.com\/es\/noticias\/hoja-acrilica-de-la-138a-feria-de-canton-alands\/#breadcrumb"},"inLanguage":"es","potentialAction":[{"@type":"ReadAction","target":["https:\/\/alandsacrylic.com\/es\/noticias\/hoja-acrilica-de-la-138a-feria-de-canton-alands\/"]}]},{"@type":"ImageObject","inLanguage":"es","@id":"https:\/\/alandsacrylic.com\/es\/noticias\/hoja-acrilica-de-la-138a-feria-de-canton-alands\/#primaryimage","url":"https:\/\/alandsacrylic.com\/wp-content\/uploads\/2025\/11\/Acrylic-Sheet-Insights-from-the-138th-Canton-Fair-Alands.webp","contentUrl":"https:\/\/alandsacrylic.com\/wp-content\/uploads\/2025\/11\/Acrylic-Sheet-Insights-from-the-138th-Canton-Fair-Alands.webp","width":1980,"height":1486},{"@type":"BreadcrumbList","@id":"https:\/\/alandsacrylic.com\/es\/noticias\/hoja-acrilica-de-la-138a-feria-de-canton-alands\/#breadcrumb","itemListElement":[{"@type":"ListItem","position":1,"name":"Home","item":"https:\/\/alandsacrylic.com\/"},{"@type":"ListItem","position":2,"name":"news","item":"https:\/\/alandsacrylic.com\/en\/news\/"},{"@type":"ListItem","position":3,"name":"Acrylic Sheet Insights from the 138th Canton Fair Alands"}]},{"@type":"WebSite","@id":"https:\/\/alandsacrylic.com\/es\/#website","url":"https:\/\/alandsacrylic.com\/es\/","name":"alandsacrylic","description":"","publisher":{"@id":"https:\/\/alandsacrylic.com\/es\/#organization"},"potentialAction":[{"@type":"SearchAction","target":{"@type":"EntryPoint","urlTemplate":"https:\/\/alandsacrylic.com\/es\/?s={search_term_string}"},"query-input":{"@type":"PropertyValueSpecification","valueRequired":true,"valueName":"search_term_string"}}],"inLanguage":"es"},{"@type":"Organization","@id":"https:\/\/alandsacrylic.com\/es\/#organization","name":"alandsacrylic","url":"https:\/\/alandsacrylic.com\/es\/","logo":{"@type":"ImageObject","inLanguage":"es","@id":"https:\/\/alandsacrylic.com\/es\/#\/schema\/logo\/image\/","url":"https:\/\/alandsacrylic.com\/wp-content\/uploads\/2024\/11\/alandsacrylic-logo-4.webp","contentUrl":"https:\/\/alandsacrylic.com\/wp-content\/uploads\/2024\/11\/alandsacrylic-logo-4.webp","width":2072,"height":782,"caption":"alandsacrylic"},"image":{"@id":"https:\/\/alandsacrylic.com\/es\/#\/schema\/logo\/image\/"}},{"@type":"Person","@id":"https:\/\/alandsacrylic.com\/es\/#\/schema\/person\/b75d9a7785bb394d15057c4c00780257","name":"Arenas acr\u00edlicas","image":{"@type":"ImageObject","inLanguage":"es","@id":"https:\/\/alandsacrylic.com\/wp-content\/litespeed\/avatar\/747147b8308200af278c36ece5bc002d.jpg?ver=1776833266","url":"https:\/\/alandsacrylic.com\/wp-content\/litespeed\/avatar\/747147b8308200af278c36ece5bc002d.jpg?ver=1776833266","contentUrl":"https:\/\/alandsacrylic.com\/wp-content\/litespeed\/avatar\/747147b8308200af278c36ece5bc002d.jpg?ver=1776833266","caption":"Acrylic alands"},"sameAs":["https:\/\/alandsacrylic.com"],"url":"https:\/\/alandsacrylic.com\/es\/author\/qiny682\/"}]}},"_links":{"self":[{"href":"https:\/\/alandsacrylic.com\/es\/wp-json\/wp\/v2\/posts\/12336","targetHints":{"allow":["GET"]}}],"collection":[{"href":"https:\/\/alandsacrylic.com\/es\/wp-json\/wp\/v2\/posts"}],"about":[{"href":"https:\/\/alandsacrylic.com\/es\/wp-json\/wp\/v2\/types\/post"}],"author":[{"embeddable":true,"href":"https:\/\/alandsacrylic.com\/es\/wp-json\/wp\/v2\/users\/1"}],"replies":[{"embeddable":true,"href":"https:\/\/alandsacrylic.com\/es\/wp-json\/wp\/v2\/comments?post=12336"}],"version-history":[{"count":5,"href":"https:\/\/alandsacrylic.com\/es\/wp-json\/wp\/v2\/posts\/12336\/revisions"}],"predecessor-version":[{"id":12342,"href":"https:\/\/alandsacrylic.com\/es\/wp-json\/wp\/v2\/posts\/12336\/revisions\/12342"}],"wp:featuredmedia":[{"embeddable":true,"href":"https:\/\/alandsacrylic.com\/es\/wp-json\/wp\/v2\/media\/12339"}],"wp:attachment":[{"href":"https:\/\/alandsacrylic.com\/es\/wp-json\/wp\/v2\/media?parent=12336"}],"wp:term":[{"taxonomy":"category","embeddable":true,"href":"https:\/\/alandsacrylic.com\/es\/wp-json\/wp\/v2\/categories?post=12336"},{"taxonomy":"post_tag","embeddable":true,"href":"https:\/\/alandsacrylic.com\/es\/wp-json\/wp\/v2\/tags?post=12336"}],"curies":[{"name":"wp","href":"https:\/\/api.w.org\/{rel}","templated":true}]}}