{"id":12101,"date":"2025-10-14T02:30:17","date_gmt":"2025-10-14T02:30:17","guid":{"rendered":"https:\/\/alandsacrylic.com\/?p=12101"},"modified":"2025-10-14T02:35:03","modified_gmt":"2025-10-14T02:35:03","slug":"fabricante-y-exportador-en-la-138a-feria-de-canton","status":"publish","type":"post","link":"https:\/\/alandsacrylic.com\/es\/noticias\/fabricante-y-exportador-en-la-138a-feria-de-canton\/","title":{"rendered":"Fabricante y exportador en la 138\u00aa Feria de Cant\u00f3n"},"content":{"rendered":"<div data-elementor-type=\"wp-post\" data-elementor-id=\"12101\" class=\"elementor elementor-12101\" data-elementor-post-type=\"post\">\n\t\t\t\t<div class=\"elementor-element elementor-element-573212fa e-flex e-con-boxed e-con e-parent\" data-id=\"573212fa\" data-element_type=\"container\" data-e-type=\"container\">\n\t\t\t\t\t<div class=\"e-con-inner\">\n\t\t\t\t<div class=\"elementor-element elementor-element-4e82b01 elementor-widget elementor-widget-heading\" data-id=\"4e82b01\" data-element_type=\"widget\" data-e-type=\"widget\" data-widget_type=\"heading.default\">\n\t\t\t\t<div class=\"elementor-widget-container\">\n\t\t\t\t\t<h2 class=\"elementor-heading-title elementor-size-default\">A\u00f1ada aqu\u00ed su texto de encabezamiento<\/h2>\t\t\t\t<\/div>\n\t\t\t\t<\/div>\n\t\t\t\t\t<\/div>\n\t\t\t\t<\/div>\n\t\t<div class=\"elementor-element elementor-element-3d676db1 e-flex e-con-boxed e-con e-parent\" data-id=\"3d676db1\" data-element_type=\"container\" data-e-type=\"container\">\n\t\t\t\t\t<div class=\"e-con-inner\">\n\t\t\t\t<div class=\"elementor-element elementor-element-200c69b3 elementor-widget elementor-widget-text-editor\" data-id=\"200c69b3\" data-element_type=\"widget\" data-e-type=\"widget\" data-widget_type=\"text-editor.default\">\n\t\t\t\t<div class=\"elementor-widget-container\">\n\t\t\t\t\t\t\t\t\t<p data-start=\"255\" data-end=\"633\"><img fetchpriority=\"high\" decoding=\"async\" class=\"size-full wp-image-12105 aligncenter\" src=\"https:\/\/alandsacrylic.com\/wp-content\/uploads\/2025\/10\/Manufacturer-Exporter-at-the-138th-Canton-Fair.webp\" alt=\"\" width=\"1080\" height=\"1920\" srcset=\"https:\/\/alandsacrylic.com\/wp-content\/uploads\/2025\/10\/Manufacturer-Exporter-at-the-138th-Canton-Fair.webp 1080w, https:\/\/alandsacrylic.com\/wp-content\/uploads\/2025\/10\/Manufacturer-Exporter-at-the-138th-Canton-Fair-169x300.webp 169w, https:\/\/alandsacrylic.com\/wp-content\/uploads\/2025\/10\/Manufacturer-Exporter-at-the-138th-Canton-Fair-576x1024.webp 576w, https:\/\/alandsacrylic.com\/wp-content\/uploads\/2025\/10\/Manufacturer-Exporter-at-the-138th-Canton-Fair-768x1365.webp 768w, https:\/\/alandsacrylic.com\/wp-content\/uploads\/2025\/10\/Manufacturer-Exporter-at-the-138th-Canton-Fair-864x1536.webp 864w\" sizes=\"(max-width: 1080px) 100vw, 1080px\" \/><\/p><p data-start=\"255\" data-end=\"633\">Alands, fabricante y exportador profesional especializado en <strong data-start=\"320\" data-end=\"347\">materiales de l\u00e1mina acr\u00edlica<\/strong>se enorgullece de anunciar su participaci\u00f3n en la <strong data-start=\"395\" data-end=\"447\">138\u00aa Feria de Importaci\u00f3n y Exportaci\u00f3n de China (Feria de Cant\u00f3n)<\/strong>. Invitamos sinceramente a clientes y socios de todo el mundo a visitar nuestro stand y experimentar la calidad y la innovaci\u00f3n que hacen de Alands un nombre de confianza en la industria del acr\u00edlico.<\/p><p data-start=\"635\" data-end=\"767\"><strong data-start=\"635\" data-end=\"657\">Stand n\u00ba: 17.2C43<\/strong><br data-start=\"657\" data-end=\"660\" \/><strong data-start=\"660\" data-end=\"669\">Date:<\/strong> Del 15 al 19 de octubre de 2025 (Fase 1)<br data-start=\"705\" data-end=\"708\" \/><strong data-start=\"708\" data-end=\"718\">Lugar de celebraci\u00f3n:<\/strong> No. 382, Yuejiang Zhong Road, Guangzhou, China<\/p><h3 data-start=\"774\" data-end=\"831\"><strong data-start=\"778\" data-end=\"831\">Su socio de confianza para soluciones en l\u00e1minas acr\u00edlicas<\/strong><\/h3><p data-start=\"833\" data-end=\"1247\">Durante m\u00e1s de una d\u00e9cada, <strong data-start=\"852\" data-end=\"862\">Alands<\/strong> se ha centrado en el desarrollo y la producci\u00f3n de <strong data-start=\"912\" data-end=\"935\">planchas acr\u00edlicas moldeadas<\/strong>, que ofrece una amplia gama de productos de alta calidad que satisfacen las necesidades de los mercados mundiales. Nuestras planchas acr\u00edlicas son conocidas por su <strong data-start=\"1062\" data-end=\"1140\">excelente claridad, resistencia a la intemperie, superficie lisa y f\u00e1cil procesamiento<\/strong>por lo que son ideales para <strong data-start=\"1164\" data-end=\"1246\">expositores publicitarios, se\u00f1alizaci\u00f3n, iluminaci\u00f3n, arquitectura y decoraci\u00f3n de interiores<\/strong>.<\/p><p data-start=\"1249\" data-end=\"1350\">En la Feria de Cant\u00f3n de este a\u00f1o, Alands exhibir\u00e1 una variada cartera de materiales acr\u00edlicos, entre ellos:<\/p><ul data-start=\"1352\" data-end=\"1456\"><li data-start=\"1352\" data-end=\"1376\"><p data-start=\"1354\" data-end=\"1376\"><span style=\"color: #ff0000;\"><a style=\"color: #ff0000;\" href=\"https:\/\/alandsacrylic.com\/es\/hoja-acrilica\/lamina-acrilica-transparente\/\"><strong>L\u00e1minas acr\u00edlicas transparentes<\/strong><\/a><\/span><\/p><\/li><li data-start=\"1377\" data-end=\"1403\"><p data-start=\"1379\" data-end=\"1403\"><span style=\"color: #ff0000;\"><a style=\"color: #ff0000;\" href=\"https:\/\/alandsacrylic.com\/es\/hoja-acrilica\/lamina-acrilica-de-color\/\"><strong>Planchas acr\u00edlicas de colores<\/strong><\/a><\/span><\/p><\/li><li data-start=\"1404\" data-end=\"1429\"><p data-start=\"1406\" data-end=\"1429\"><span style=\"color: #ff0000;\"><a style=\"color: #ff0000;\" href=\"https:\/\/alandsacrylic.com\/es\/hoja-acrilica\/lamina-acrilica-espejo\/\"><strong>Planchas acr\u00edlicas espejadas<\/strong><\/a><\/span><\/p><\/li><li data-start=\"1430\" data-end=\"1456\"><p data-start=\"1432\" data-end=\"1456\"><span style=\"color: #ff0000;\"><a style=\"color: #ff0000;\" href=\"https:\/\/alandsacrylic.com\/es\/hoja-acrilica\/lamina-acrilica-brillante\/\"><strong>Hojas acr\u00edlicas con purpurina<\/strong><\/a><\/span><\/p><\/li><\/ul><p data-start=\"1458\" data-end=\"1556\">Todas las hojas pueden personalizarse en <strong data-start=\"1490\" data-end=\"1520\">tama\u00f1o, grosor y color<\/strong> seg\u00fan los requisitos del cliente.<\/p><h3 data-start=\"1563\" data-end=\"1613\"><strong data-start=\"1567\" data-end=\"1613\">Comprometidos con la calidad, impulsados por la innovaci\u00f3n<\/strong><\/h3><p data-start=\"1615\" data-end=\"1913\">Alands cuenta con modernas l\u00edneas de producci\u00f3n y un estricto sistema de gesti\u00f3n de calidad para garantizar que cada l\u00e1mina cumpla las normas internacionales. A trav\u00e9s de la innovaci\u00f3n continua en la selecci\u00f3n de materias primas y la tecnolog\u00eda de extrusi\u00f3n, ofrecemos productos acr\u00edlicos con <strong data-start=\"1862\" data-end=\"1910\">transparencia \u00f3ptica y durabilidad superiores<\/strong>.<\/p><p data-start=\"1915\" data-end=\"2054\">Nuestra misi\u00f3n es ofrecer <strong data-start=\"1941\" data-end=\"1973\">soluciones acr\u00edlicas de alto valor<\/strong> que ayudan a nuestros socios a hacer crecer su negocio y destacar en mercados competitivos.<\/p><p data-start=\"1915\" data-end=\"2054\"><img decoding=\"async\" class=\"size-full wp-image-12104 aligncenter\" src=\"https:\/\/alandsacrylic.com\/wp-content\/uploads\/2025\/10\/Manufacturer-Exporter-at-the-138th-Canton-Fair-2.webp\" alt=\"\" width=\"1080\" height=\"1920\" srcset=\"https:\/\/alandsacrylic.com\/wp-content\/uploads\/2025\/10\/Manufacturer-Exporter-at-the-138th-Canton-Fair-2.webp 1080w, https:\/\/alandsacrylic.com\/wp-content\/uploads\/2025\/10\/Manufacturer-Exporter-at-the-138th-Canton-Fair-2-169x300.webp 169w, https:\/\/alandsacrylic.com\/wp-content\/uploads\/2025\/10\/Manufacturer-Exporter-at-the-138th-Canton-Fair-2-576x1024.webp 576w, https:\/\/alandsacrylic.com\/wp-content\/uploads\/2025\/10\/Manufacturer-Exporter-at-the-138th-Canton-Fair-2-768x1365.webp 768w, https:\/\/alandsacrylic.com\/wp-content\/uploads\/2025\/10\/Manufacturer-Exporter-at-the-138th-Canton-Fair-2-864x1536.webp 864w\" sizes=\"(max-width: 1080px) 100vw, 1080px\" \/><\/p><h3 data-start=\"2061\" data-end=\"2089\"><strong data-start=\"2065\" data-end=\"2089\">\u00danase a nosotros en Guangzhou<\/strong><\/h3><p data-start=\"2091\" data-end=\"2249\">Esperamos verle en el <strong data-start=\"2129\" data-end=\"2150\">138\u00aa Feria de Cant\u00f3n<\/strong> para debatir las oportunidades de cooperaci\u00f3n y compartir ideas sobre el futuro de la industria acr\u00edlica.<\/p><p data-start=\"2251\" data-end=\"2377\"><strong data-start=\"2254\" data-end=\"2287\">Visite Alands en el stand 17.2C43<\/strong><br data-start=\"2287\" data-end=\"2290\" \/><strong data-start=\"2293\" data-end=\"2320\">Del 15 al 19 de octubre de 2025<\/strong><br data-start=\"2320\" data-end=\"2323\" \/><strong data-start=\"2326\" data-end=\"2377\">Complejo ferial de importaci\u00f3n y exportaci\u00f3n de China, Guangzhou<\/strong><\/p><p data-start=\"2379\" data-end=\"2439\">Juntos daremos forma al futuro de la innovaci\u00f3n en l\u00e1minas acr\u00edlicas.<\/p>\t\t\t\t\t\t\t\t<\/div>\n\t\t\t\t<\/div>\n\t\t\t\t\t<\/div>\n\t\t\t\t<\/div>\n\t\t\t\t<\/div>","protected":false},"excerpt":{"rendered":"<p>Add Your Heading Text Here Alands, a professional manufacturer and exporter specializing in acrylic sheet materials, is proud to announce its participation in the 138th China Import and Export Fair (Canton Fair). We sincerely invite customers and partners from all over the world to visit our booth and experience the quality and innovation that make [&hellip;]<\/p>","protected":false},"author":1,"featured_media":12104,"comment_status":"open","ping_status":"open","sticky":false,"template":"","format":"standard","meta":{"footnotes":""},"categories":[1],"tags":[],"class_list":["post-12101","post","type-post","status-publish","format-standard","has-post-thumbnail","hentry","category-news"],"yoast_head":"<!-- This site is optimized with the Yoast SEO Premium plugin v23.6 (Yoast SEO v27.4) - https:\/\/yoast.com\/product\/yoast-seo-premium-wordpress\/ -->\n<title>Manufacturer &amp; Exporter at the 138th Canton Fair - alandsacrylic<\/title>\n<meta name=\"description\" content=\"Alands, a leading acrylic sheet manufacturer, will exhibit at the 138th Canton Fair in Guangzhou, Booth 17.2C43, Oct 15\u201319, 2025.\" \/>\n<meta name=\"robots\" content=\"index, follow, max-snippet:-1, max-image-preview:large, max-video-preview:-1\" \/>\n<link rel=\"canonical\" href=\"https:\/\/alandsacrylic.com\/es\/noticias\/fabricante-y-exportador-en-la-138a-feria-de-canton\/\" \/>\n<meta property=\"og:locale\" content=\"es_ES\" \/>\n<meta property=\"og:type\" content=\"article\" \/>\n<meta property=\"og:title\" content=\"Manufacturer &amp; Exporter at the 138th Canton Fair\" \/>\n<meta property=\"og:description\" content=\"Alands, a leading acrylic sheet manufacturer, will exhibit at the 138th Canton Fair in Guangzhou, Booth 17.2C43, Oct 15\u201319, 2025.\" \/>\n<meta property=\"og:url\" content=\"https:\/\/alandsacrylic.com\/es\/noticias\/fabricante-y-exportador-en-la-138a-feria-de-canton\/\" \/>\n<meta property=\"og:site_name\" content=\"alandsacrylic\" \/>\n<meta property=\"article:published_time\" content=\"2025-10-14T02:30:17+00:00\" \/>\n<meta property=\"article:modified_time\" content=\"2025-10-14T02:35:03+00:00\" \/>\n<meta property=\"og:image\" content=\"https:\/\/alandsacrylic.com\/wp-content\/uploads\/2025\/10\/Manufacturer-Exporter-at-the-138th-Canton-Fair-2.webp\" \/>\n\t<meta property=\"og:image:width\" content=\"1080\" \/>\n\t<meta property=\"og:image:height\" content=\"1920\" \/>\n\t<meta property=\"og:image:type\" content=\"image\/webp\" \/>\n<meta name=\"author\" content=\"Acrylic alands\" \/>\n<meta name=\"twitter:card\" content=\"summary_large_image\" \/>\n<meta name=\"twitter:label1\" content=\"Escrito por\" \/>\n\t<meta name=\"twitter:data1\" content=\"Acrylic alands\" \/>\n\t<meta name=\"twitter:label2\" content=\"Tiempo de lectura\" \/>\n\t<meta name=\"twitter:data2\" content=\"2 minutos\" \/>\n<script type=\"application\/ld+json\" class=\"yoast-schema-graph\">{\"@context\":\"https:\\\/\\\/schema.org\",\"@graph\":[{\"@type\":\"Article\",\"@id\":\"https:\\\/\\\/alandsacrylic.com\\\/es\\\/noticias\\\/fabricante-y-exportador-en-la-138a-feria-de-canton\\\/#article\",\"isPartOf\":{\"@id\":\"https:\\\/\\\/alandsacrylic.com\\\/es\\\/noticias\\\/fabricante-y-exportador-en-la-138a-feria-de-canton\\\/\"},\"author\":{\"name\":\"Acrylic alands\",\"@id\":\"https:\\\/\\\/alandsacrylic.com\\\/es\\\/#\\\/schema\\\/person\\\/b75d9a7785bb394d15057c4c00780257\"},\"headline\":\"Manufacturer &amp; Exporter at the 138th Canton Fair\",\"datePublished\":\"2025-10-14T02:30:17+00:00\",\"dateModified\":\"2025-10-14T02:35:03+00:00\",\"mainEntityOfPage\":{\"@id\":\"https:\\\/\\\/alandsacrylic.com\\\/es\\\/noticias\\\/fabricante-y-exportador-en-la-138a-feria-de-canton\\\/\"},\"wordCount\":312,\"commentCount\":0,\"publisher\":{\"@id\":\"https:\\\/\\\/alandsacrylic.com\\\/es\\\/#organization\"},\"image\":{\"@id\":\"https:\\\/\\\/alandsacrylic.com\\\/es\\\/noticias\\\/fabricante-y-exportador-en-la-138a-feria-de-canton\\\/#primaryimage\"},\"thumbnailUrl\":\"https:\\\/\\\/alandsacrylic.com\\\/wp-content\\\/uploads\\\/2025\\\/10\\\/Manufacturer-Exporter-at-the-138th-Canton-Fair-2.webp\",\"articleSection\":[\"news\"],\"inLanguage\":\"es\",\"potentialAction\":[{\"@type\":\"CommentAction\",\"name\":\"Comment\",\"target\":[\"https:\\\/\\\/alandsacrylic.com\\\/es\\\/noticias\\\/fabricante-y-exportador-en-la-138a-feria-de-canton\\\/#respond\"]}]},{\"@type\":\"WebPage\",\"@id\":\"https:\\\/\\\/alandsacrylic.com\\\/es\\\/noticias\\\/fabricante-y-exportador-en-la-138a-feria-de-canton\\\/\",\"url\":\"https:\\\/\\\/alandsacrylic.com\\\/es\\\/noticias\\\/fabricante-y-exportador-en-la-138a-feria-de-canton\\\/\",\"name\":\"Manufacturer &amp; Exporter at the 138th Canton Fair - alandsacrylic\",\"isPartOf\":{\"@id\":\"https:\\\/\\\/alandsacrylic.com\\\/es\\\/#website\"},\"primaryImageOfPage\":{\"@id\":\"https:\\\/\\\/alandsacrylic.com\\\/es\\\/noticias\\\/fabricante-y-exportador-en-la-138a-feria-de-canton\\\/#primaryimage\"},\"image\":{\"@id\":\"https:\\\/\\\/alandsacrylic.com\\\/es\\\/noticias\\\/fabricante-y-exportador-en-la-138a-feria-de-canton\\\/#primaryimage\"},\"thumbnailUrl\":\"https:\\\/\\\/alandsacrylic.com\\\/wp-content\\\/uploads\\\/2025\\\/10\\\/Manufacturer-Exporter-at-the-138th-Canton-Fair-2.webp\",\"datePublished\":\"2025-10-14T02:30:17+00:00\",\"dateModified\":\"2025-10-14T02:35:03+00:00\",\"description\":\"Alands, a leading acrylic sheet manufacturer, will exhibit at the 138th Canton Fair in Guangzhou, Booth 17.2C43, Oct 15\u201319, 2025.\",\"breadcrumb\":{\"@id\":\"https:\\\/\\\/alandsacrylic.com\\\/es\\\/noticias\\\/fabricante-y-exportador-en-la-138a-feria-de-canton\\\/#breadcrumb\"},\"inLanguage\":\"es\",\"potentialAction\":[{\"@type\":\"ReadAction\",\"target\":[\"https:\\\/\\\/alandsacrylic.com\\\/es\\\/noticias\\\/fabricante-y-exportador-en-la-138a-feria-de-canton\\\/\"]}]},{\"@type\":\"ImageObject\",\"inLanguage\":\"es\",\"@id\":\"https:\\\/\\\/alandsacrylic.com\\\/es\\\/noticias\\\/fabricante-y-exportador-en-la-138a-feria-de-canton\\\/#primaryimage\",\"url\":\"https:\\\/\\\/alandsacrylic.com\\\/wp-content\\\/uploads\\\/2025\\\/10\\\/Manufacturer-Exporter-at-the-138th-Canton-Fair-2.webp\",\"contentUrl\":\"https:\\\/\\\/alandsacrylic.com\\\/wp-content\\\/uploads\\\/2025\\\/10\\\/Manufacturer-Exporter-at-the-138th-Canton-Fair-2.webp\",\"width\":1080,\"height\":1920},{\"@type\":\"BreadcrumbList\",\"@id\":\"https:\\\/\\\/alandsacrylic.com\\\/es\\\/noticias\\\/fabricante-y-exportador-en-la-138a-feria-de-canton\\\/#breadcrumb\",\"itemListElement\":[{\"@type\":\"ListItem\",\"position\":1,\"name\":\"Home\",\"item\":\"https:\\\/\\\/alandsacrylic.com\\\/\"},{\"@type\":\"ListItem\",\"position\":2,\"name\":\"news\",\"item\":\"https:\\\/\\\/alandsacrylic.com\\\/en\\\/news\\\/\"},{\"@type\":\"ListItem\",\"position\":3,\"name\":\"Manufacturer &amp; Exporter at the 138th Canton Fair\"}]},{\"@type\":\"WebSite\",\"@id\":\"https:\\\/\\\/alandsacrylic.com\\\/es\\\/#website\",\"url\":\"https:\\\/\\\/alandsacrylic.com\\\/es\\\/\",\"name\":\"alandsacrylic\",\"description\":\"\",\"publisher\":{\"@id\":\"https:\\\/\\\/alandsacrylic.com\\\/es\\\/#organization\"},\"potentialAction\":[{\"@type\":\"SearchAction\",\"target\":{\"@type\":\"EntryPoint\",\"urlTemplate\":\"https:\\\/\\\/alandsacrylic.com\\\/es\\\/?s={search_term_string}\"},\"query-input\":{\"@type\":\"PropertyValueSpecification\",\"valueRequired\":true,\"valueName\":\"search_term_string\"}}],\"inLanguage\":\"es\"},{\"@type\":\"Organization\",\"@id\":\"https:\\\/\\\/alandsacrylic.com\\\/es\\\/#organization\",\"name\":\"alandsacrylic\",\"url\":\"https:\\\/\\\/alandsacrylic.com\\\/es\\\/\",\"logo\":{\"@type\":\"ImageObject\",\"inLanguage\":\"es\",\"@id\":\"https:\\\/\\\/alandsacrylic.com\\\/es\\\/#\\\/schema\\\/logo\\\/image\\\/\",\"url\":\"https:\\\/\\\/alandsacrylic.com\\\/wp-content\\\/uploads\\\/2024\\\/11\\\/alandsacrylic-logo-4.webp\",\"contentUrl\":\"https:\\\/\\\/alandsacrylic.com\\\/wp-content\\\/uploads\\\/2024\\\/11\\\/alandsacrylic-logo-4.webp\",\"width\":2072,\"height\":782,\"caption\":\"alandsacrylic\"},\"image\":{\"@id\":\"https:\\\/\\\/alandsacrylic.com\\\/es\\\/#\\\/schema\\\/logo\\\/image\\\/\"}},{\"@type\":\"Person\",\"@id\":\"https:\\\/\\\/alandsacrylic.com\\\/es\\\/#\\\/schema\\\/person\\\/b75d9a7785bb394d15057c4c00780257\",\"name\":\"Acrylic alands\",\"image\":{\"@type\":\"ImageObject\",\"inLanguage\":\"es\",\"@id\":\"https:\\\/\\\/alandsacrylic.com\\\/wp-content\\\/litespeed\\\/avatar\\\/747147b8308200af278c36ece5bc002d.jpg?ver=1776833266\",\"url\":\"https:\\\/\\\/alandsacrylic.com\\\/wp-content\\\/litespeed\\\/avatar\\\/747147b8308200af278c36ece5bc002d.jpg?ver=1776833266\",\"contentUrl\":\"https:\\\/\\\/alandsacrylic.com\\\/wp-content\\\/litespeed\\\/avatar\\\/747147b8308200af278c36ece5bc002d.jpg?ver=1776833266\",\"caption\":\"Acrylic alands\"},\"sameAs\":[\"https:\\\/\\\/alandsacrylic.com\"],\"url\":\"https:\\\/\\\/alandsacrylic.com\\\/es\\\/author\\\/qiny682\\\/\"}]}<\/script>\n<!-- \/ Yoast SEO Premium plugin. -->","yoast_head_json":{"title":"Fabricante y exportador en la 138\u00aa Feria de Cant\u00f3n - alandsacrylic","description":"Alands, fabricante l\u00edder de l\u00e1minas acr\u00edlicas, expondr\u00e1 en la 138\u00aa Feria de Cant\u00f3n de Guangzhou, stand 17.2C43, del 15 al 19 de octubre de 2025.","robots":{"index":"index","follow":"follow","max-snippet":"max-snippet:-1","max-image-preview":"max-image-preview:large","max-video-preview":"max-video-preview:-1"},"canonical":"https:\/\/alandsacrylic.com\/es\/noticias\/fabricante-y-exportador-en-la-138a-feria-de-canton\/","og_locale":"es_ES","og_type":"article","og_title":"Manufacturer &amp; Exporter at the 138th Canton Fair","og_description":"Alands, a leading acrylic sheet manufacturer, will exhibit at the 138th Canton Fair in Guangzhou, Booth 17.2C43, Oct 15\u201319, 2025.","og_url":"https:\/\/alandsacrylic.com\/es\/noticias\/fabricante-y-exportador-en-la-138a-feria-de-canton\/","og_site_name":"alandsacrylic","article_published_time":"2025-10-14T02:30:17+00:00","article_modified_time":"2025-10-14T02:35:03+00:00","og_image":[{"width":1080,"height":1920,"url":"https:\/\/alandsacrylic.com\/wp-content\/uploads\/2025\/10\/Manufacturer-Exporter-at-the-138th-Canton-Fair-2.webp","type":"image\/webp"}],"author":"Acrylic alands","twitter_card":"summary_large_image","twitter_misc":{"Escrito por":"Acrylic alands","Tiempo de lectura":"2 minutos"},"schema":{"@context":"https:\/\/schema.org","@graph":[{"@type":"Article","@id":"https:\/\/alandsacrylic.com\/es\/noticias\/fabricante-y-exportador-en-la-138a-feria-de-canton\/#article","isPartOf":{"@id":"https:\/\/alandsacrylic.com\/es\/noticias\/fabricante-y-exportador-en-la-138a-feria-de-canton\/"},"author":{"name":"Acrylic alands","@id":"https:\/\/alandsacrylic.com\/es\/#\/schema\/person\/b75d9a7785bb394d15057c4c00780257"},"headline":"Manufacturer &amp; Exporter at the 138th Canton Fair","datePublished":"2025-10-14T02:30:17+00:00","dateModified":"2025-10-14T02:35:03+00:00","mainEntityOfPage":{"@id":"https:\/\/alandsacrylic.com\/es\/noticias\/fabricante-y-exportador-en-la-138a-feria-de-canton\/"},"wordCount":312,"commentCount":0,"publisher":{"@id":"https:\/\/alandsacrylic.com\/es\/#organization"},"image":{"@id":"https:\/\/alandsacrylic.com\/es\/noticias\/fabricante-y-exportador-en-la-138a-feria-de-canton\/#primaryimage"},"thumbnailUrl":"https:\/\/alandsacrylic.com\/wp-content\/uploads\/2025\/10\/Manufacturer-Exporter-at-the-138th-Canton-Fair-2.webp","articleSection":["news"],"inLanguage":"es","potentialAction":[{"@type":"CommentAction","name":"Comment","target":["https:\/\/alandsacrylic.com\/es\/noticias\/fabricante-y-exportador-en-la-138a-feria-de-canton\/#respond"]}]},{"@type":"WebPage","@id":"https:\/\/alandsacrylic.com\/es\/noticias\/fabricante-y-exportador-en-la-138a-feria-de-canton\/","url":"https:\/\/alandsacrylic.com\/es\/noticias\/fabricante-y-exportador-en-la-138a-feria-de-canton\/","name":"Fabricante y exportador en la 138\u00aa Feria de Cant\u00f3n - alandsacrylic","isPartOf":{"@id":"https:\/\/alandsacrylic.com\/es\/#website"},"primaryImageOfPage":{"@id":"https:\/\/alandsacrylic.com\/es\/noticias\/fabricante-y-exportador-en-la-138a-feria-de-canton\/#primaryimage"},"image":{"@id":"https:\/\/alandsacrylic.com\/es\/noticias\/fabricante-y-exportador-en-la-138a-feria-de-canton\/#primaryimage"},"thumbnailUrl":"https:\/\/alandsacrylic.com\/wp-content\/uploads\/2025\/10\/Manufacturer-Exporter-at-the-138th-Canton-Fair-2.webp","datePublished":"2025-10-14T02:30:17+00:00","dateModified":"2025-10-14T02:35:03+00:00","description":"Alands, fabricante l\u00edder de l\u00e1minas acr\u00edlicas, expondr\u00e1 en la 138\u00aa Feria de Cant\u00f3n de Guangzhou, stand 17.2C43, del 15 al 19 de octubre de 2025.","breadcrumb":{"@id":"https:\/\/alandsacrylic.com\/es\/noticias\/fabricante-y-exportador-en-la-138a-feria-de-canton\/#breadcrumb"},"inLanguage":"es","potentialAction":[{"@type":"ReadAction","target":["https:\/\/alandsacrylic.com\/es\/noticias\/fabricante-y-exportador-en-la-138a-feria-de-canton\/"]}]},{"@type":"ImageObject","inLanguage":"es","@id":"https:\/\/alandsacrylic.com\/es\/noticias\/fabricante-y-exportador-en-la-138a-feria-de-canton\/#primaryimage","url":"https:\/\/alandsacrylic.com\/wp-content\/uploads\/2025\/10\/Manufacturer-Exporter-at-the-138th-Canton-Fair-2.webp","contentUrl":"https:\/\/alandsacrylic.com\/wp-content\/uploads\/2025\/10\/Manufacturer-Exporter-at-the-138th-Canton-Fair-2.webp","width":1080,"height":1920},{"@type":"BreadcrumbList","@id":"https:\/\/alandsacrylic.com\/es\/noticias\/fabricante-y-exportador-en-la-138a-feria-de-canton\/#breadcrumb","itemListElement":[{"@type":"ListItem","position":1,"name":"Home","item":"https:\/\/alandsacrylic.com\/"},{"@type":"ListItem","position":2,"name":"news","item":"https:\/\/alandsacrylic.com\/en\/news\/"},{"@type":"ListItem","position":3,"name":"Manufacturer &amp; Exporter at the 138th Canton Fair"}]},{"@type":"WebSite","@id":"https:\/\/alandsacrylic.com\/es\/#website","url":"https:\/\/alandsacrylic.com\/es\/","name":"alandsacrylic","description":"","publisher":{"@id":"https:\/\/alandsacrylic.com\/es\/#organization"},"potentialAction":[{"@type":"SearchAction","target":{"@type":"EntryPoint","urlTemplate":"https:\/\/alandsacrylic.com\/es\/?s={search_term_string}"},"query-input":{"@type":"PropertyValueSpecification","valueRequired":true,"valueName":"search_term_string"}}],"inLanguage":"es"},{"@type":"Organization","@id":"https:\/\/alandsacrylic.com\/es\/#organization","name":"alandsacrylic","url":"https:\/\/alandsacrylic.com\/es\/","logo":{"@type":"ImageObject","inLanguage":"es","@id":"https:\/\/alandsacrylic.com\/es\/#\/schema\/logo\/image\/","url":"https:\/\/alandsacrylic.com\/wp-content\/uploads\/2024\/11\/alandsacrylic-logo-4.webp","contentUrl":"https:\/\/alandsacrylic.com\/wp-content\/uploads\/2024\/11\/alandsacrylic-logo-4.webp","width":2072,"height":782,"caption":"alandsacrylic"},"image":{"@id":"https:\/\/alandsacrylic.com\/es\/#\/schema\/logo\/image\/"}},{"@type":"Person","@id":"https:\/\/alandsacrylic.com\/es\/#\/schema\/person\/b75d9a7785bb394d15057c4c00780257","name":"Arenas acr\u00edlicas","image":{"@type":"ImageObject","inLanguage":"es","@id":"https:\/\/alandsacrylic.com\/wp-content\/litespeed\/avatar\/747147b8308200af278c36ece5bc002d.jpg?ver=1776833266","url":"https:\/\/alandsacrylic.com\/wp-content\/litespeed\/avatar\/747147b8308200af278c36ece5bc002d.jpg?ver=1776833266","contentUrl":"https:\/\/alandsacrylic.com\/wp-content\/litespeed\/avatar\/747147b8308200af278c36ece5bc002d.jpg?ver=1776833266","caption":"Acrylic alands"},"sameAs":["https:\/\/alandsacrylic.com"],"url":"https:\/\/alandsacrylic.com\/es\/author\/qiny682\/"}]}},"_links":{"self":[{"href":"https:\/\/alandsacrylic.com\/es\/wp-json\/wp\/v2\/posts\/12101","targetHints":{"allow":["GET"]}}],"collection":[{"href":"https:\/\/alandsacrylic.com\/es\/wp-json\/wp\/v2\/posts"}],"about":[{"href":"https:\/\/alandsacrylic.com\/es\/wp-json\/wp\/v2\/types\/post"}],"author":[{"embeddable":true,"href":"https:\/\/alandsacrylic.com\/es\/wp-json\/wp\/v2\/users\/1"}],"replies":[{"embeddable":true,"href":"https:\/\/alandsacrylic.com\/es\/wp-json\/wp\/v2\/comments?post=12101"}],"version-history":[{"count":8,"href":"https:\/\/alandsacrylic.com\/es\/wp-json\/wp\/v2\/posts\/12101\/revisions"}],"predecessor-version":[{"id":12111,"href":"https:\/\/alandsacrylic.com\/es\/wp-json\/wp\/v2\/posts\/12101\/revisions\/12111"}],"wp:featuredmedia":[{"embeddable":true,"href":"https:\/\/alandsacrylic.com\/es\/wp-json\/wp\/v2\/media\/12104"}],"wp:attachment":[{"href":"https:\/\/alandsacrylic.com\/es\/wp-json\/wp\/v2\/media?parent=12101"}],"wp:term":[{"taxonomy":"category","embeddable":true,"href":"https:\/\/alandsacrylic.com\/es\/wp-json\/wp\/v2\/categories?post=12101"},{"taxonomy":"post_tag","embeddable":true,"href":"https:\/\/alandsacrylic.com\/es\/wp-json\/wp\/v2\/tags?post=12101"}],"curies":[{"name":"wp","href":"https:\/\/api.w.org\/{rel}","templated":true}]}}